{"id":10003,"date":"2014-09-26T13:50:07","date_gmt":"2014-09-26T11:50:07","guid":{"rendered":"http:\/\/archivio.comune.potenza.it\/comune_wp\/?p=10003"},"modified":"2014-09-26T13:50:07","modified_gmt":"2014-09-26T11:50:07","slug":"alessandro-galella-fratelli-d-italia-iniziativa-puliamo-la-citta","status":"publish","type":"post","link":"https:\/\/archivio.comune.potenza.it\/?p=10003","title":{"rendered":"Alessandro Galella (Fratelli d&#8217;Italia): Iniziativa &#8220;Ripuliamo la citt\u00e0&#8221;"},"content":{"rendered":"<p>Ieri con 500 euro di spesa e la collaborazione di tanti abbiamo dato un segnale alla citt\u00e0, bisogna invertire la rotta e rendere quelli che vogliono una citt\u00e0 pulita piu&#8217; forti di quelli che la vogliono immersa nel degrado pi\u00f9 assoluto. Se sono a casa e mi scappa la pip\u00ec vado a farla nel bagno e non dove mi trovo. Se devo spegnere la sigaretta vado a buttarla nel posacenere e non la spengo sul pavimento del salone. Trattare la citt\u00e0 come trattiamo casa nostra, con lo stesso amore e lo stesso rispetto, perch\u00e8 Potenza \u00e8 la citt\u00e0 in cui viviamo e in cui vivono i nostri figli e invecchieremo. Penso che sporcare e distruggere sia il trattamento che si riserva a ci\u00f2 che non si ama e forse \u00e8 proprio perch\u00e8 non siamo riusciti a trasmettere amore per la citt\u00e0 ai potentini che ci siamo ridotti cos\u00ec. La citt\u00e0 parla della sua amministrazione ma anche dei suoi cittadini. Oramai indignarsi per lo sporco NON E&#8217; PIU&#8217; SUFFICIENTE, bisogna combattere questa cultura che vuole abbrutire la nostra citt\u00e0. Il capoluogo affronta una crisi culturale, economica, amministrativa come non succedeva da diversi decenni, ma \u00e8 proprio nella grande difficolt\u00e0 che viviamo che possiamo trovare lo stimolo ad essere e sentirci una comunit\u00e0 che vuole rimettersi in piedi. Ieri i 4 operai del Comune hanno vissuto quelle due ore di pulizia straordinaria come la peggiore delle penitenze, mentre a mio parere avrebbero dovuto sentirsi orgogliosi di rimettere a nuovo il cuore antico della citt\u00e0 per cui lavorano. I 30 operai della manutenzione devono tornare a stare nelle strade per garantire alla citt\u00e0 il decoro che merita. L&#8217;Acta con un macchinario costato diverse migliaia di euro ha ridato splendore all&#8217;ingresso del Teatro Stabile e al tempietto, utilizzando un additivo profumato addirittura. Questo mezzo perch\u00e8 non viene usato tutti i giorni per una lotta costante al degrado? Con pochi giorni di lavoro, volontariato e con un impegno da parte dei proprietari degli immobili si potrebbe ripulire veramente tutto il centro e ridare a tutta la citt\u00e0 l&#8217;orgoglio di un centro pulito. Ieri con gli altri consiglieri siamo andati di proposito a pulire l&#8217;angolo pi\u00f9 sporco del centro, sotto i portici del Gran Caff\u00e8 per sfidare quelli che stanno trasformando il centro nella peggior periferia metropolitana. Al primo di loro che \u00e8 arrivato gli ho chiesto di darci una mano ed \u00e8 stato felice di farlo. Quando abbiamo finito un lavoro incredibile sui vetri che non permettevano pi\u00f9 di vedere la luce, sono arrivate delle ragazzine e con una espressione schifata hanno esclamato : &#8220;nooooo hanno cancellato tutto&#8221;! Mi sono avvicinato e le ho chiesto se lei riduceva cos\u00ec anche casa sua e lei mi ha risposto: &#8220;la mia cameretta \u00e8 tutta cos\u00ec&#8221;. Le ho risposto: &#8220;Si ma questa non \u00e8 solo casa tua \u00e8 anche casa mia&#8221;! Ho capito che per loro \u00e8 del tutto naturale ridurre ad uno schifo la citt\u00e0. Ho capito che molti dei genitori di questi ragazzi nel vedere le loro stanze potrebbero subito capire che sono i loro figli a ridurre la citt\u00e0 in questo modo. Noi possiamo provare a contrastare tutto questo degrado ma se non lo faranno come si deve, prima di tutto i loro genitori nelle loro case, sar\u00e0 difficili vincere per noi, mavi assicuro che sar\u00e0 difficile vincere anche per loro. Grazie a tutti&#8230;al prossimo &#8220;Ripuliamo la citt\u00e0&#8221; di ottobre vi aspettiamo!!<\/p>\n","protected":false},"excerpt":{"rendered":"<p>Ieri con 500 euro di spesa e la collaborazione di tanti abbiamo dato un segnale alla citt\u00e0, bisogna invertire la rotta e rendere quelli che &#8230; <\/p>\n","protected":false},"author":1,"featured_media":0,"comment_status":"closed","ping_status":"closed","sticky":false,"template":"single-sidebar.php","format":"standard","meta":{"footnotes":""},"categories":[384],"tags":[],"class_list":["post-10003","post","type-post","status-publish","format-standard","hentry","category-c243-comunicati-stampa-dei-consiglieri-243"],"_links":{"self":[{"href":"https:\/\/archivio.comune.potenza.it\/index.php?rest_route=\/wp\/v2\/posts\/10003"}],"collection":[{"href":"https:\/\/archivio.comune.potenza.it\/index.php?rest_route=\/wp\/v2\/posts"}],"about":[{"href":"https:\/\/archivio.comune.potenza.it\/index.php?rest_route=\/wp\/v2\/types\/post"}],"author":[{"embeddable":true,"href":"https:\/\/archivio.comune.potenza.it\/index.php?rest_route=\/wp\/v2\/users\/1"}],"replies":[{"embeddable":true,"href":"https:\/\/archivio.comune.potenza.it\/index.php?rest_route=%2Fwp%2Fv2%2Fcomments&post=10003"}],"version-history":[{"count":0,"href":"https:\/\/archivio.comune.potenza.it\/index.php?rest_route=\/wp\/v2\/posts\/10003\/revisions"}],"wp:attachment":[{"href":"https:\/\/archivio.comune.potenza.it\/index.php?rest_route=%2Fwp%2Fv2%2Fmedia&parent=10003"}],"wp:term":[{"taxonomy":"category","embeddable":true,"href":"https:\/\/archivio.comune.potenza.it\/index.php?rest_route=%2Fwp%2Fv2%2Fcategories&post=10003"},{"taxonomy":"post_tag","embeddable":true,"href":"https:\/\/archivio.comune.potenza.it\/index.php?rest_route=%2Fwp%2Fv2%2Ftags&post=10003"}],"curies":[{"name":"wp","href":"https:\/\/api.w.org\/{rel}","templated":true}]}}