{"id":10004,"date":"2014-09-26T13:53:02","date_gmt":"2014-09-26T11:53:02","guid":{"rendered":"http:\/\/archivio.comune.potenza.it\/comune_wp\/?p=10004"},"modified":"2014-09-26T13:53:02","modified_gmt":"2014-09-26T11:53:02","slug":"donato-nole-insieme-si-cambia-iniziativa-ripuliamo-la-citta","status":"publish","type":"post","link":"https:\/\/archivio.comune.potenza.it\/?p=10004","title":{"rendered":"Donato Nol\u00e8 (Insieme si cambia): Iniziativa &#8220;Ripuliamo la citt\u00e0&#8221;"},"content":{"rendered":"<p>&#8220;Iniziative del genere sono lodevoli. Ripulire un pezzo di citt\u00e0, restituirle la bellezza che merita \u00e8 importante e di buon esempio per i cittadini. Tuttavia, da presidente della Commissione Ambiente, mi chiedo perch\u00e9 non sia stato coinvolto tutto il consiglio comunale e la stessa commissione competente.&#8221; E&#8217; quanto dichiara, in una nota, Donato Nol\u00e8, consigliere comunale e presidente della VI Commissione a margine dell&#8217;iniziativa &#8220;Ripuliamo la citt\u00e0&#8221; che &#8220;per quanto lodevole -continua la nota- non \u00e8 stata animata dallo spirito di condivisione che avrebbe permesso una maggiore partecipazione e una maggiore presa di coscienza anche da parte della politica. Un&#8217;iniziativa del genere, che reca sulla locandina anche il logo di una societ\u00e0 partecipata, perci\u00f2, rischia di diventare solo una vetrina per consiglieri che non hanno mai smesso di fare campagna elettorale&#8221;, conclude la nota.\u00a0<\/p>\n<div class=\"attachmentsContainer\">\u00a0<\/div>\n<div class=\"cmp_buttons_container\">\u00a0<\/div>\n","protected":false},"excerpt":{"rendered":"<p>&#8220;Iniziative del genere sono lodevoli. Ripulire un pezzo di citt\u00e0, restituirle la bellezza che merita \u00e8 importante e di buon esempio per i cittadini. Tuttavia, &#8230; <\/p>\n","protected":false},"author":1,"featured_media":0,"comment_status":"closed","ping_status":"closed","sticky":false,"template":"single-sidebar.php","format":"standard","meta":{"footnotes":""},"categories":[384],"tags":[],"class_list":["post-10004","post","type-post","status-publish","format-standard","hentry","category-c243-comunicati-stampa-dei-consiglieri-243"],"_links":{"self":[{"href":"https:\/\/archivio.comune.potenza.it\/index.php?rest_route=\/wp\/v2\/posts\/10004"}],"collection":[{"href":"https:\/\/archivio.comune.potenza.it\/index.php?rest_route=\/wp\/v2\/posts"}],"about":[{"href":"https:\/\/archivio.comune.potenza.it\/index.php?rest_route=\/wp\/v2\/types\/post"}],"author":[{"embeddable":true,"href":"https:\/\/archivio.comune.potenza.it\/index.php?rest_route=\/wp\/v2\/users\/1"}],"replies":[{"embeddable":true,"href":"https:\/\/archivio.comune.potenza.it\/index.php?rest_route=%2Fwp%2Fv2%2Fcomments&post=10004"}],"version-history":[{"count":0,"href":"https:\/\/archivio.comune.potenza.it\/index.php?rest_route=\/wp\/v2\/posts\/10004\/revisions"}],"wp:attachment":[{"href":"https:\/\/archivio.comune.potenza.it\/index.php?rest_route=%2Fwp%2Fv2%2Fmedia&parent=10004"}],"wp:term":[{"taxonomy":"category","embeddable":true,"href":"https:\/\/archivio.comune.potenza.it\/index.php?rest_route=%2Fwp%2Fv2%2Fcategories&post=10004"},{"taxonomy":"post_tag","embeddable":true,"href":"https:\/\/archivio.comune.potenza.it\/index.php?rest_route=%2Fwp%2Fv2%2Ftags&post=10004"}],"curies":[{"name":"wp","href":"https:\/\/api.w.org\/{rel}","templated":true}]}}