{"id":10010,"date":"2014-09-29T08:36:34","date_gmt":"2014-09-29T06:36:34","guid":{"rendered":"http:\/\/archivio.comune.potenza.it\/comune_wp\/?p=10010"},"modified":"2014-09-29T08:36:34","modified_gmt":"2014-09-29T06:36:34","slug":"giuseppe-giuzio-fratelli-d-italia-potenza-va-salvata","status":"publish","type":"post","link":"https:\/\/archivio.comune.potenza.it\/?p=10010","title":{"rendered":"Giuseppe Giuzio (Fratelli d&#8217;Italia): Potenza va salvata"},"content":{"rendered":"<p><span>Che la citt\u00e0 di Potenza sia indebitata fino al collo non \u00e9 un mistero per nessuno, anzi lo si sapeva gi\u00e0 prima dell&#8217;insediamento\u00a0 del nuovo consiglio. Tra debito ereditato, debito strutturale e gli errori ammessi dallo stesso, gi\u00e0 sindaco, Santarsiero stiamo parlando di cifre da capogiro, difficilmente\u00a0 appianabili, soprattutto se la politica non decide di cambiare marcia e volare alto.<\/span><span>Si legge da ogni dove di colpe di questa o quell&#8217;amministrazione, di questo o quel politico ma di certo oggi c&#8217;\u00e8 soltanto il fatto che Potenza si trover\u00e0 a breve, se non si apportano i dovuti correttivi, di fronte al &#8220;famigerato&#8221; Commissario: la parola stessa di per s\u00e9 incute terrore.<\/span><span>Ai cittadini poco importa se chi ha governato la citt\u00e0 sino ad oggi possa o meno essere ricandidato o dichiarato decaduto.<\/span><span>Al cittadino comune interessa sapere se sar\u00e0 chiamato a pagare o meno il massimo delle tasse, se\u00a0 usufruir\u00e0 dei servizi dovuti dall&#8217;ente, ovvero se continuer\u00e0 a mantenere il posto di lavoro.<\/span><span>Si, proprio cos\u00ec, una gestione commissariale alzerebbe al massimo tutte le aliquote, escluderebbe le esenzioni, ridurrebbe servizi e personale, bloccherebbe eventuali contributi europei, insomma\u00a0 un vero dramma in una citt\u00e0 gi\u00e0 di per s\u00e9 in affanno.<\/span><span>In tutto ci\u00f2 si continua a giocare al gatto e il topo senza capire chi insegue chi e\/o cosa.<\/span><span>Che la gestione Santarsiero, seppure in buona fede, come lui stesso dice,\u00a0 sia stata intrisa di errori e contraddizioni \u00e8 un dato di fatto ed \u00e8 certificato, anche, nel disavanzo statuito nel\u00a0 bilancio consuntivo 2013 approvato nello scorso mese di luglio.<\/span><span>Il PD e l&#8217;intero centro sinistra non \u00e8 stato in grado di ridare splendore alla citt\u00e0 capoluogo, anzi, per quello che si legge, sembrerebbe che abbia continuato a spendere oltre ogni misura pur non avendone le possibilit\u00e0. C&#8217;\u00e8 stata sicuramente\u00a0 una cattiva gestione delle entrate, basti pensare ai mancati incassi per la fruizione gratuita del passaggio sulle\u00a0 scale mobili e, per un periodo, per l&#8217;utilizzo, senza pagare alcun biglietto, del trasporto urbano su gomma, sino alla fallimentare gestione della vendita del tribunale e le proroghe senza bando delle convenzioni in essere.<\/span><span>Il tutto parzialmente superato dall&#8217;aiutino che la regione di volta in volta si premurava di assicurare per\u00a0 nascondere il disavanzo.<\/span><span>Ora va salvata la citt\u00e0 e va fatto senza se e senza ma, con l&#8217;aiuto di tutti ma con delle prese d&#8217;atto indispensabili.<\/span><span>In primo luogo il PD non pu\u00f2 chiedere le chiavi della giunta. Capisco che c&#8217;\u00e8 stato un rinnovo generazionale ma la citt\u00e0 \u00e8 stata chiara: tutti con De Luca, sostenuto da una diversa classe politica.<\/span><span>In secondo luogo si appoggi questa giunta, prevalentemente tecnica,\u00a0 che sta facendo bene e ha gi\u00e0 segnato un passo di marcia rispetto al passato. In terzo luogo si stabiliscano dei punti programmatici su cui lavorare per risollevare la citt\u00e0 ed evitare il commissariamento.<\/span><span>Condizione indispensabile \u00e8 leggere, quanto prima, il bilancio previsionale 2014 in modo da capire se dobbiamo celebrare un funerale o siamo ancora in tempo a mettere &#8220;u uarniedd&#8221; per fare un matrimo<\/span><span>nio.<\/span><\/p>\n<div class=\"attachmentsContainer\">\u00a0<\/div>\n<div class=\"cmp_buttons_container\">\u00a0<\/div>\n","protected":false},"excerpt":{"rendered":"<p>Che la citt\u00e0 di Potenza sia indebitata fino al collo non \u00e9 un mistero per nessuno, anzi lo si sapeva gi\u00e0 prima dell&#8217;insediamento\u00a0 del nuovo &#8230; <\/p>\n","protected":false},"author":1,"featured_media":0,"comment_status":"closed","ping_status":"closed","sticky":false,"template":"single-sidebar.php","format":"standard","meta":{"footnotes":""},"categories":[384],"tags":[],"class_list":["post-10010","post","type-post","status-publish","format-standard","hentry","category-c243-comunicati-stampa-dei-consiglieri-243"],"_links":{"self":[{"href":"https:\/\/archivio.comune.potenza.it\/index.php?rest_route=\/wp\/v2\/posts\/10010"}],"collection":[{"href":"https:\/\/archivio.comune.potenza.it\/index.php?rest_route=\/wp\/v2\/posts"}],"about":[{"href":"https:\/\/archivio.comune.potenza.it\/index.php?rest_route=\/wp\/v2\/types\/post"}],"author":[{"embeddable":true,"href":"https:\/\/archivio.comune.potenza.it\/index.php?rest_route=\/wp\/v2\/users\/1"}],"replies":[{"embeddable":true,"href":"https:\/\/archivio.comune.potenza.it\/index.php?rest_route=%2Fwp%2Fv2%2Fcomments&post=10010"}],"version-history":[{"count":0,"href":"https:\/\/archivio.comune.potenza.it\/index.php?rest_route=\/wp\/v2\/posts\/10010\/revisions"}],"wp:attachment":[{"href":"https:\/\/archivio.comune.potenza.it\/index.php?rest_route=%2Fwp%2Fv2%2Fmedia&parent=10010"}],"wp:term":[{"taxonomy":"category","embeddable":true,"href":"https:\/\/archivio.comune.potenza.it\/index.php?rest_route=%2Fwp%2Fv2%2Fcategories&post=10010"},{"taxonomy":"post_tag","embeddable":true,"href":"https:\/\/archivio.comune.potenza.it\/index.php?rest_route=%2Fwp%2Fv2%2Ftags&post=10010"}],"curies":[{"name":"wp","href":"https:\/\/api.w.org\/{rel}","templated":true}]}}