{"id":10011,"date":"2014-09-29T08:38:41","date_gmt":"2014-09-29T06:38:41","guid":{"rendered":"http:\/\/archivio.comune.potenza.it\/comune_wp\/?p=10011"},"modified":"2014-09-29T08:38:41","modified_gmt":"2014-09-29T06:38:41","slug":"antonio-vigilante-lista-civica-per-la-citta-ultimazione-interventi-puliamo-la-citta","status":"publish","type":"post","link":"https:\/\/archivio.comune.potenza.it\/?p=10011","title":{"rendered":"Antonio Vigilante (Lista Civica per la Citt\u00e0): Ultimazione interventi &#8220;Puliamo la Citt\u00e0&#8221;"},"content":{"rendered":"<p><span>Oggi abbiamo completato gli interventi previsti per la prima giornata &#8220;ripuliamo la citt\u00e0&#8221;. In questi due giorni, a fronte di un generale successo riscosso dall&#8217;iniziativa, abbiano anche registrato alcune polemiche. \u00c8 normale che sia cos\u00ec: le iniziative di sensibilizzazione, specie se innovative e tese a suscitare il dibattito come la nostra, non possono piacere a tutti. E anzi, ben vengano le polemiche, se servono a correggere gli &#8220;errori di giovent\u00f9&#8221; di un&#8217;iniziativa destinata a riproporsi nei prossimi mesi. Ma se esse, lungi dal voler migliorare la qualit\u00e0 di un dibattito fino a ieri quasi inesistente sul degrado del centro, sono strumentali tentativi di spostare l&#8217;attenzione dai gravissimi problemi finanziari della citt\u00e0, di recente emersi grazie all&#8217;impegno e all&#8217;onest\u00e0 politica della nuova giunta, verso questioni pi\u00f9 leggere, diciamo subito e con chiarezza, ai soliti noti esponenti del partito del &#8220;niente deve cambiare&#8221; che dovranno cercarsi altri obiettivi. In ogni caso, nei prossimi mesi, l&#8217;intergruppo proporr\u00e0 agli organi consiliari competenti il nuovo Piano del Colore e dell\u2019Arredo Urbano del Centro Storico.L&#8217;obiettivo \u00e8, nel solco del consenso riscosso dall&#8217;iniziativa &#8220;ripuliamo la citt\u00e0&#8221;, andare avanti nella lotta al degrado urbanistico, per creare un quadro di riferimento unitario, all&#8217;interno del quale stimolare un attento controllo, un&#8217;efficace politica sanzionatoria e un corretto indirizzo di intervento sulla manutenzione e il ripristino degli immobili di pregio della nostra citt\u00e0, da inserire nel corredo regolamentare dell&#8217;ente comunale.ll decoro urbano non \u00e8 un affare privato, ma un dovere di tutti.<\/span><\/p>\n<div class=\"attachmentsContainer\">\u00a0<\/div>\n<div class=\"cmp_buttons_container\">\u00a0<\/div>\n","protected":false},"excerpt":{"rendered":"<p>Oggi abbiamo completato gli interventi previsti per la prima giornata &#8220;ripuliamo la citt\u00e0&#8221;. In questi due giorni, a fronte di un generale successo riscosso dall&#8217;iniziativa, &#8230; <\/p>\n","protected":false},"author":1,"featured_media":0,"comment_status":"closed","ping_status":"closed","sticky":false,"template":"single-sidebar.php","format":"standard","meta":{"footnotes":""},"categories":[384],"tags":[],"class_list":["post-10011","post","type-post","status-publish","format-standard","hentry","category-c243-comunicati-stampa-dei-consiglieri-243"],"_links":{"self":[{"href":"https:\/\/archivio.comune.potenza.it\/index.php?rest_route=\/wp\/v2\/posts\/10011"}],"collection":[{"href":"https:\/\/archivio.comune.potenza.it\/index.php?rest_route=\/wp\/v2\/posts"}],"about":[{"href":"https:\/\/archivio.comune.potenza.it\/index.php?rest_route=\/wp\/v2\/types\/post"}],"author":[{"embeddable":true,"href":"https:\/\/archivio.comune.potenza.it\/index.php?rest_route=\/wp\/v2\/users\/1"}],"replies":[{"embeddable":true,"href":"https:\/\/archivio.comune.potenza.it\/index.php?rest_route=%2Fwp%2Fv2%2Fcomments&post=10011"}],"version-history":[{"count":0,"href":"https:\/\/archivio.comune.potenza.it\/index.php?rest_route=\/wp\/v2\/posts\/10011\/revisions"}],"wp:attachment":[{"href":"https:\/\/archivio.comune.potenza.it\/index.php?rest_route=%2Fwp%2Fv2%2Fmedia&parent=10011"}],"wp:term":[{"taxonomy":"category","embeddable":true,"href":"https:\/\/archivio.comune.potenza.it\/index.php?rest_route=%2Fwp%2Fv2%2Fcategories&post=10011"},{"taxonomy":"post_tag","embeddable":true,"href":"https:\/\/archivio.comune.potenza.it\/index.php?rest_route=%2Fwp%2Fv2%2Ftags&post=10011"}],"curies":[{"name":"wp","href":"https:\/\/api.w.org\/{rel}","templated":true}]}}