{"id":10014,"date":"2014-09-29T12:54:40","date_gmt":"2014-09-29T10:54:40","guid":{"rendered":"http:\/\/archivio.comune.potenza.it\/comune_wp\/?p=10014"},"modified":"2014-09-29T12:54:40","modified_gmt":"2014-09-29T10:54:40","slug":"giuseppe-giuzio-fratelli-d-italia-tari-evitare-una-stangata-di-fine-anno","status":"publish","type":"post","link":"https:\/\/archivio.comune.potenza.it\/?p=10014","title":{"rendered":"Giuseppe Giuzio (Fratelli d&#8217;Italia): TARI &#8211; Evitare una stangata di fine anno"},"content":{"rendered":"<p><span style=\"line-height: 1.3em;\">La TARI \u00e8 la tassa che colpisce chi produce rifiuti e il cui gettito andr\u00e0 destinato allo smaltimento, a essere soggetti al pagamento saranno proprietari, inquilini di residenze private, cos\u00ec come i titolari di imprese commerciali o industriali.<\/span><\/p>\n<p><span>La &#8220;legge di stabilit\u00e0 2014&#8221; ha previsto un aggravio per i negozi, i bar, i ristoranti o i locali notturni.<\/span><\/p>\n<p><span>Un aggravio che se non mitigato avrebbe potuto portare ad un aumento fino al 300%.<\/span><\/p>\n<p><span>Le tariffe, in mancanza di dati relativi alla produzione di rifiuti derivanti da rilevazioni puntuali, saranno determinate utilizzando coefficienti medi di produzione potenziale di rifiuti indicati nelle &#8220;tabelle nazionali&#8221;.<\/span><\/p>\n<p><span>La Giunta e gli uffici comunali, pur in un momento di gravissima crisi economica, hanno cercato, ed in alcuni casi sono riusciti, a mantenere invariate le tariffe gi\u00e0 in vigore per l&#8217;anno 2013 &#8211; in particolare per le famiglie &#8211; apportando leggere riduzioni ove possibile.<\/span><\/p>\n<p><span>Per i bar, caff\u00e8, pasticcerie, ortofrutta, pescherie, fiori e piante, pizza al taglio, ristoranti, trattorie, pizzerie, parrucchiere, barbiere, estetista, per citarne alcune, individuate dal governo nazionale, nel principio chi pi\u00f9 inquina pi\u00f9 paga, attivit\u00e0 particolarmente produttive di rifiuti: pur applicando la massima percentuale di abbattimento, non si \u00e8 riusciti a contenerle nei limiti 2013, anzi gli aumenti saranno particolarmente consistenti.<\/span><\/p>\n<p><span>Stante il noto disavanzo, poco o nulla si riuscir\u00e0 a fare in sede di Commissione Consiliare Permanente e\/o in Consiglio (convocato per il 30 settembre) per apportare modifiche alle tariffe.<\/span><\/p>\n<p><span>Proporr\u00f2, comunque, un primo emendamento, al fine di mitigare l&#8217;impatto del tributo, volto ad una diversa determinazione delle tariffe, proponendo una riduzione per macellerie, alimentari, supermercati, edicole, tabaccai, piccole imprese.<\/span><\/p>\n<p><span>Un secondo emendamento, nell&#8217;ottica di agevolarne il pagamento, volto alla rateizzazione del balzello chiedendo:<\/span><\/p>\n<p><span>1) per le famiglie, di effettuare il versamento in tre rate con scadenze 15 novembre, 15 febbraio 2015, contenendo l\u2019importo delle due rate di acconto nel limite massimo del 60%, con il saldo al 15 aprile 2015.<\/span><\/p>\n<p><span>2) per i negozi e le attivit\u00e0 che avranno un rincaro superiore al 20% rispetto alla Tarsu 2013 ovvero per chi era esente, che la Tari possa essere rateizzata, per la parte eccedente l&#8217;importo pagato nell&#8217;anno precedente, senza ulteriori oneri, sino a 12 mesi, pagando la differenza entro il 30 novembre 2014.<\/span><\/p>\n<p><span>Assicurando alle casse comunali le stesse entrate al 31 dicembre evitando ai contribuenti una vera e propria stangata fiscale di fine anno.<\/span><\/p>\n<p><span>Con la speranza che dal 2015, con l&#8217;introduzione della raccolta differenziata e una riduzione progressiva del debito, si possa fare meglio.<\/span><\/p>\n","protected":false},"excerpt":{"rendered":"<p>La TARI \u00e8 la tassa che colpisce chi produce rifiuti e il cui gettito andr\u00e0 destinato allo smaltimento, a essere soggetti al pagamento saranno proprietari, &#8230; <\/p>\n","protected":false},"author":1,"featured_media":0,"comment_status":"closed","ping_status":"closed","sticky":false,"template":"single-sidebar.php","format":"standard","meta":{"footnotes":""},"categories":[384],"tags":[],"class_list":["post-10014","post","type-post","status-publish","format-standard","hentry","category-c243-comunicati-stampa-dei-consiglieri-243"],"_links":{"self":[{"href":"https:\/\/archivio.comune.potenza.it\/index.php?rest_route=\/wp\/v2\/posts\/10014"}],"collection":[{"href":"https:\/\/archivio.comune.potenza.it\/index.php?rest_route=\/wp\/v2\/posts"}],"about":[{"href":"https:\/\/archivio.comune.potenza.it\/index.php?rest_route=\/wp\/v2\/types\/post"}],"author":[{"embeddable":true,"href":"https:\/\/archivio.comune.potenza.it\/index.php?rest_route=\/wp\/v2\/users\/1"}],"replies":[{"embeddable":true,"href":"https:\/\/archivio.comune.potenza.it\/index.php?rest_route=%2Fwp%2Fv2%2Fcomments&post=10014"}],"version-history":[{"count":0,"href":"https:\/\/archivio.comune.potenza.it\/index.php?rest_route=\/wp\/v2\/posts\/10014\/revisions"}],"wp:attachment":[{"href":"https:\/\/archivio.comune.potenza.it\/index.php?rest_route=%2Fwp%2Fv2%2Fmedia&parent=10014"}],"wp:term":[{"taxonomy":"category","embeddable":true,"href":"https:\/\/archivio.comune.potenza.it\/index.php?rest_route=%2Fwp%2Fv2%2Fcategories&post=10014"},{"taxonomy":"post_tag","embeddable":true,"href":"https:\/\/archivio.comune.potenza.it\/index.php?rest_route=%2Fwp%2Fv2%2Ftags&post=10014"}],"curies":[{"name":"wp","href":"https:\/\/api.w.org\/{rel}","templated":true}]}}