{"id":10115,"date":"2014-10-18T09:47:00","date_gmt":"2014-10-18T07:47:00","guid":{"rendered":"http:\/\/archivio.comune.potenza.it\/comune_wp\/?p=10115"},"modified":"2014-10-18T09:47:00","modified_gmt":"2014-10-18T07:47:00","slug":"gianpaolo-carretta-partito-democratico-a-c-t-a-e-t-a-r-i","status":"publish","type":"post","link":"https:\/\/archivio.comune.potenza.it\/?p=10115","title":{"rendered":"Gianpaolo Carretta (Partito Democratico): A.C.T.A. e T.A.R.I."},"content":{"rendered":"<p>Prendiamo atto con soddisfazione del grande e proficuo lavoro messo in essere dall\u2019ACTA SpA che sta dando attuazione a tutto quanto programmato sul piano politico e amministrativo dalle Amministrazioni di Centro sinistra,quella uscente al Comune e quella che governa la Regione Basilicata nonostante l\u2019immobilismo e la scarsa capacit\u00e0 amministrativa della Giunta di destra che governa la Citt\u00e0 e che dietro problematiche di bilancio ultradecennali nasconde la propria inefficienza ed incapacit\u00e0.<\/p>\n<p>Di una Giunta che o perde pezzi o si contraddistingue per scarsa visione strategica e per incapacit\u00e0 di porre in essere soluzioni per i problemi della citt\u00e0.<\/p>\n<p>E\u2019 importante che l\u2019ACTA abbia dismesso la sede in locazione dotandosi di una propria che risponde a esigenze di efficienza ed economicit\u00e0 e abbia, con l\u2019acquisizione di Pallareta avviato le procedure per la dismissione della stazione di trasferenza per crearne una autonoma. Da ultimo il finanziamento di 5 milioni e 500 mila euro ottenuto dalla Regione Basilicata del progetto ACTA Conai messo in campo durante l\u2019Amministrazione di centro sinistra porteranno ad una gestione del ciclo combinato dei rifiuti pi\u00f9 efficiente ed economico per l\u2019intera comunit\u00e0.<\/p>\n<p>Al contrario il governo attuale di destra a partire dalla TARI invece di affrontare per tempo la problematica delle tariffe e mettere in campo una strategia di equit\u00e0 fiscale veramente basata sul principio di chi pi\u00f9 consuma pi\u00f9 paga, ha proceduto ad un innalzamento indiscriminato delle tariffe che graver\u00e0 sulle famiglie del capoluogo di Regione e che noi abbiamo criticato responsabilmente sia per la tardivit\u00e0 con cui \u00e8 stato portato all\u2019esame del Consiglio questo provvedimento sia per il merito, responsabilmente per\u00f2 non abbiamo avuto un atteggiamento ostruzionistico ma collaborativo per evitare ulteriori problemi economici e finanziari ad una amministrazione che nulla fa per risolverli se non rivolgersi alla Regione Basilicata che ha il solo compito politico istituzionale di riconoscere il ruolo di Potenza, citt\u00e0 erogatrice di servizi ad una comunit\u00e0 pi\u00f9 ampia di quella che amministra, riconoscendole un finanziamento annuo strutturale su trasporti, rifiuti, manutenzioni ecc.<\/p>\n","protected":false},"excerpt":{"rendered":"<p>Prendiamo atto con soddisfazione del grande e proficuo lavoro messo in essere dall\u2019ACTA SpA che sta dando attuazione a tutto quanto programmato sul piano politico &#8230; <\/p>\n","protected":false},"author":1,"featured_media":0,"comment_status":"closed","ping_status":"closed","sticky":false,"template":"single-sidebar.php","format":"standard","meta":{"footnotes":""},"categories":[384],"tags":[],"class_list":["post-10115","post","type-post","status-publish","format-standard","hentry","category-c243-comunicati-stampa-dei-consiglieri-243"],"_links":{"self":[{"href":"https:\/\/archivio.comune.potenza.it\/index.php?rest_route=\/wp\/v2\/posts\/10115"}],"collection":[{"href":"https:\/\/archivio.comune.potenza.it\/index.php?rest_route=\/wp\/v2\/posts"}],"about":[{"href":"https:\/\/archivio.comune.potenza.it\/index.php?rest_route=\/wp\/v2\/types\/post"}],"author":[{"embeddable":true,"href":"https:\/\/archivio.comune.potenza.it\/index.php?rest_route=\/wp\/v2\/users\/1"}],"replies":[{"embeddable":true,"href":"https:\/\/archivio.comune.potenza.it\/index.php?rest_route=%2Fwp%2Fv2%2Fcomments&post=10115"}],"version-history":[{"count":0,"href":"https:\/\/archivio.comune.potenza.it\/index.php?rest_route=\/wp\/v2\/posts\/10115\/revisions"}],"wp:attachment":[{"href":"https:\/\/archivio.comune.potenza.it\/index.php?rest_route=%2Fwp%2Fv2%2Fmedia&parent=10115"}],"wp:term":[{"taxonomy":"category","embeddable":true,"href":"https:\/\/archivio.comune.potenza.it\/index.php?rest_route=%2Fwp%2Fv2%2Fcategories&post=10115"},{"taxonomy":"post_tag","embeddable":true,"href":"https:\/\/archivio.comune.potenza.it\/index.php?rest_route=%2Fwp%2Fv2%2Ftags&post=10115"}],"curies":[{"name":"wp","href":"https:\/\/api.w.org\/{rel}","templated":true}]}}