{"id":10118,"date":"2014-10-18T09:50:30","date_gmt":"2014-10-18T07:50:30","guid":{"rendered":"http:\/\/archivio.comune.potenza.it\/comune_wp\/?p=10118"},"modified":"2014-10-18T09:50:30","modified_gmt":"2014-10-18T07:50:30","slug":"pietro-campagna-centro-democratico-tariffe-t-a-r-i","status":"publish","type":"post","link":"https:\/\/archivio.comune.potenza.it\/?p=10118","title":{"rendered":"Pietro Campagna (Centro Democratico): Tariffe T.A.R.I."},"content":{"rendered":"<p>In relazione alle tariffe TARI,\u00a0 approvate dal Consiglio Comunale nel corso dell&#8217;ultima seduta del 30 settembre, con l&#8217;astensione del Gruppo del Centro Democratico, mi preme\u00a0 tentare di chiarire alcune circostanze che, a mio giudizio, vengono trasferite in modo non del tutto corretto alla Cittadinanza.<\/p>\n<p>\u00a0\u00a0\u00a0\u00a0\u00a0\u00a0\u00a0\u00a0\u00a0\u00a0\u00a0 E&#8217; evidente ed \u00e8 stato da pi\u00f9 parti sollevata la questione relativa alla pratica impossibilit\u00e0 di apportare una qualsiasi modifica migliorativa alla manovra tariffaria tenuto conto che la stessa \u00e8 stata dall&#8217;Amministrazione sottoposta all&#8217;attenzione della competente Commissione Consiliare Permanente solo in data 25 settembre e quindi con una tempistica, che ha praticamente precluso la possibilit\u00e0 di un&#8217;attenta disamina preordinata alla formulazione di una ipotesi alternativa, che pure era possibile come ho avuto modo di specificare nel corso del dibattito consiliare.<\/p>\n<p>\u00a0\u00a0\u00a0\u00a0\u00a0\u00a0\u00a0\u00a0\u00a0\u00a0\u00a0 E&#8217; vero che il costo del servizio (di cui per legge bisogna assicurare l&#8217;integrale recupero a carico dei cittadini) si \u00e8 incrementato in maniera esponenziale rispetto agli anni in cui la Citt\u00e0 ed il suo bacino di riferimento hanno avuto la possibilit\u00e0 di utilizzare la discarica di propriet\u00e0 comunale di localit\u00e0 Pallareta, ma \u00e8 altrettanto inopinabile che sono ormai diversi anni che l&#8217;Amministrazione Comunale si batte per ottenere l&#8217;autorizzazione all&#8217;ampliamento della predetta discarica e che solo nel giugno scorso \u00e8 stato peraltro deliberato dalla Regione Basilicata l&#8217;attribuzione dei fondi assegnati alla Citt\u00e0 per la raccolta differenziata \u201cporta a porta\u201d, con la conseguenza che la Citt\u00e0 e tutti gli altri Comuni del cosiddetto bacino centro sono da anni costretti a soggiacere ai costi di conferimento dei rifiuti stabiliti dalle societ\u00e0 private proprietarie delle stesse ed a sostenere oneri altrettanto ingenti per il trasporto verso le stesse discariche, che prima non c&#8217;erano.<\/p>\n<p>\u00a0\u00a0\u00a0\u00a0\u00a0\u00a0\u00a0\u00a0\u00a0\u00a0\u00a0 \u00a0Cos\u00ec com&#8217;\u00e8 vero che la disciplina nazionale relativa a questa nuova (nel nome) tariffa lasciava poche possibilit\u00e0 di modifica dei coefficienti ministeriali, che potevano essere ridotti o aumentati\u00a0 solo in misura del 50%, e bene ha fatto l&#8217;Amministrazione ad applicare tale possibilit\u00e0 ad alcune categorie per ridurre l&#8217;impatto degli aumenti derivanti dall&#8217;integrale applicazione dei predetti coefficienti ministeriali, per\u00f2, mi scuserete, ma mi fa sorridere quando pomposamente in tanti ci si appella al principio (sacrosanto) del \u201cchi pi\u00f9 inquina pi\u00f9 paga\u201d .<\/p>\n<p>\u00a0\u00a0\u00a0\u00a0\u00a0\u00a0\u00a0\u00a0\u00a0\u00a0\u00a0 Ci\u00f2 perch\u00e8, come ho avuto modo di evidenziare in Consiglio Comunale, non mi pare che l&#8217;impianto tariffario, portato in extremis in Consiglio Comunale, sia coerente con tale principio nel momento in cui comunque si determinano incrementi tariffari che vanno dal 57% all&#8217;88% per ristoranti, pizzerie, pub, bar, pasticcerie, ortofrutta, pescherie, fiori e piante, pizza al taglio, etc. (con una incidenza che va da 19,39 a 33,53 euro\/mq!!!), nel mentre si determina, ad esempio, un sostanziale decremento tariffario del 19% per le \u201cattivit\u00e0 industriali con capannoni di produzione\u201d (con una incidenza tariffaria di soli euro 6,86\/mq.).<\/p>\n<p>\u00a0\u00a0\u00a0\u00a0\u00a0\u00a0\u00a0\u00a0\u00a0\u00a0\u00a0 Ma, vi chiedo e mi chiedo, produce pi\u00f9 rifiuti uno stabilimento industriale o il bar sotto casa che porta a rifiuto poco pi\u00f9 dei \u201cfondi\u201d del caffe????<\/p>\n<p>\u00a0\u00a0\u00a0\u00a0\u00a0\u00a0\u00a0\u00a0\u00a0\u00a0\u00a0 E non si poteva, sempre ad esempio, incrementare tali tariffe, cosi come quelle applicate a \u201cbanche ed istituti di credito\u201d (- 14%), in modo da ridurre comunque l&#8217;incidenza della spesa da ripartire sulle altre categorie????<\/p>\n<p>\u00a0\u00a0\u00a0\u00a0\u00a0\u00a0\u00a0\u00a0\u00a0\u00a0\u00a0 Sono queste le valutazioni che si potevano fare in Commissione ed in Consiglio Comunale se il provvedimento fosse arrivato per tempo e sono comunque sempre queste le valutazioni sulle quali dovremo in ogni caso ripiegarci in sede di determinazione delle tariffe per il prossimo anno.<\/p>\n","protected":false},"excerpt":{"rendered":"<p>In relazione alle tariffe TARI,\u00a0 approvate dal Consiglio Comunale nel corso dell&#8217;ultima seduta del 30 settembre, con l&#8217;astensione del Gruppo del Centro Democratico, mi preme\u00a0 &#8230; <\/p>\n","protected":false},"author":1,"featured_media":0,"comment_status":"closed","ping_status":"closed","sticky":false,"template":"single-sidebar.php","format":"standard","meta":{"footnotes":""},"categories":[384],"tags":[],"class_list":["post-10118","post","type-post","status-publish","format-standard","hentry","category-c243-comunicati-stampa-dei-consiglieri-243"],"_links":{"self":[{"href":"https:\/\/archivio.comune.potenza.it\/index.php?rest_route=\/wp\/v2\/posts\/10118"}],"collection":[{"href":"https:\/\/archivio.comune.potenza.it\/index.php?rest_route=\/wp\/v2\/posts"}],"about":[{"href":"https:\/\/archivio.comune.potenza.it\/index.php?rest_route=\/wp\/v2\/types\/post"}],"author":[{"embeddable":true,"href":"https:\/\/archivio.comune.potenza.it\/index.php?rest_route=\/wp\/v2\/users\/1"}],"replies":[{"embeddable":true,"href":"https:\/\/archivio.comune.potenza.it\/index.php?rest_route=%2Fwp%2Fv2%2Fcomments&post=10118"}],"version-history":[{"count":0,"href":"https:\/\/archivio.comune.potenza.it\/index.php?rest_route=\/wp\/v2\/posts\/10118\/revisions"}],"wp:attachment":[{"href":"https:\/\/archivio.comune.potenza.it\/index.php?rest_route=%2Fwp%2Fv2%2Fmedia&parent=10118"}],"wp:term":[{"taxonomy":"category","embeddable":true,"href":"https:\/\/archivio.comune.potenza.it\/index.php?rest_route=%2Fwp%2Fv2%2Fcategories&post=10118"},{"taxonomy":"post_tag","embeddable":true,"href":"https:\/\/archivio.comune.potenza.it\/index.php?rest_route=%2Fwp%2Fv2%2Ftags&post=10118"}],"curies":[{"name":"wp","href":"https:\/\/api.w.org\/{rel}","templated":true}]}}