{"id":10119,"date":"2014-10-18T09:52:46","date_gmt":"2014-10-18T07:52:46","guid":{"rendered":"http:\/\/archivio.comune.potenza.it\/comune_wp\/?p=10119"},"modified":"2014-10-18T09:52:46","modified_gmt":"2014-10-18T07:52:46","slug":"alessandro-galella-e-giuseppe-giuzio-fratelli-d-italia-progetto-di-raccolta-differenziata-ed-attivazione-centro-di-trasferenza-in-localita-vallone-calabrese-si-dimostra-di-non-conoscere-luoghi-e-fatti","status":"publish","type":"post","link":"https:\/\/archivio.comune.potenza.it\/?p=10119","title":{"rendered":"Alessandro Galella e Giuseppe Giuzio (Fratelli d&#8217;Italia): Progetto di raccolta differenziata ed attivazione centro di trasferenza in localit\u00e0 \u201cVallone Calabrese\u201d \u2013 Si dimostra di non conoscere luoghi e fatti."},"content":{"rendered":"<p><strong style=\"line-height: 1.3em;\">Il Consigliere comunale di Potenza del PD, Gianpaolo Carretta,<\/strong><span style=\"line-height: 1.3em;\"> in questo difficile momento per la Citt\u00e0, le cui responsabilit\u00e0 sono da addebitare unicamente alla sua parte politica, invece di preoccuparsi di come contribuire a salvare il Comune da una vera e propria \u201cbancarotta\u201d, <strong>continua a parlare di neri e di rossi, a dividere su vessilli piuttosto che ad unire.<\/strong><\/span><\/p>\n<p><span>E, come se non bastasse, come lo fa? <strong>Dimostrando poca conoscenza dei fatti e addirittura dei luoghi che interessano le vicende del sistema di raccolta differenziata e del centro di trasferenza comunale: continua ad intervenire come se fosse arrivato ieri ad amministrare la Citt\u00e0 di Potenza.<\/strong><\/span><\/p>\n<p><span>E, allora, veniamo alle verit\u00e0.<\/span><\/p>\n<p><span>Sulla raccolta differenziata si dovrebbe fare uno dei tanti mea culpa: <strong>\u00e8 vero o non \u00e8 vero che per circa tre anni l\u2019amministrazione di centrosinistra ha avuto in mano oltre 5 milioni di euro, non solo senza avviare la raccolta differenziata, ma addirittura senza spendere un centesimo di quei soldi per l\u2019avvio di indispensabili procedure?<\/strong><\/span><\/p>\n<p><span>E\u2019 vero o non \u00e8 vero che, talmente tanto \u00e8 stato il lassismo della precedente Amministrazione comunale, che ha fatto scadere finanche il protocollo d\u2019intesa sottoscritto con il Conai? E\u2019 vero o non \u00e8 vero che l\u2019attuale Amministrazione comunale, in soli tre mesi (tra i quali la pausa estiva), ha fatto pi\u00f9 di quanto i predecessori abbiano fatto in dieci anni? E\u2019 vero o non \u00e8 vero che solo e soltanto con l\u2019Amministrazione De Luca sono state avviate e predisposte le gare di appalto che avrebbero dovuto essere espletate almeno due anni fa? E\u2019 vero o non \u00e8 vero che nei prossimi giorni l\u2019Amministrazione De Luca dovr\u00e0 sottoscrivere nuovamente il protocollo d\u2019intesa Conai, quale presupposto imprescindibile per l\u2019avvio del progetto della differenziata? <strong>\u00c8 vero o non \u00e8 vero che la precedente Amministrazione comunale ha accumulato debiti su debiti con Acta e con i monopolisti del settore, senza nemmeno scongiurare il disastro che periodicamente si \u00e8 visto per le strade?<\/strong><\/span><\/p>\n<p><span>E, venendo al <strong>centro di trasferenza, intanto vogliamo ricordare che non si trova a Pallareta, ma in localit\u00e0 Vallone Calabrese, presso l\u2019ex inceneritore.<\/strong><\/span><\/p>\n<p><span>Anche a tal proposito, le chiacchiere sono state sostituite con i fatti: in men che non si dica \u00e8 stata pianificata ufficialmente una strategia progettuale con Regione e Provincia sul da farsi; si avr\u00e0 un finanziamento a fondo perduto in luogo di un fondo di rotazione lasciato in eredit\u00e0 e pure scaduto. Ma, soprattutto, \u00e8 stato apposto il marchio dell\u2019Amministrazione De Luca non con intenti o con belle parole, ma con atti: si \u00e8 dato ufficialmente avvio alla procedura per la messa in esercizio del centro di trasferenza, quale primo step di una pi\u00f9 ampia progettualit\u00e0 strategica e di lodevole qualit\u00e0.<\/span><\/p>\n<p><span>Se volgiamo il capo al passato di tutto questo non c\u2019\u00e8 traccia: fumose intenzioni, rimaste tali.<\/span><\/p>\n<p><span>E per chiarire ancor di pi\u00f9 le idee evidenziamo anche che <strong>sulla discarica di Pallareta, in soli tre mesi, abbiamo proceduto all\u2019espletamento della gara di appalto per la sua messa in sicurezza, intervento prodromico rispetto alla caratterizzazione del sito.<\/strong><\/span><\/p>\n","protected":false},"excerpt":{"rendered":"<p>Il Consigliere comunale di Potenza del PD, Gianpaolo Carretta, in questo difficile momento per la Citt\u00e0, le cui responsabilit\u00e0 sono da addebitare unicamente alla sua &#8230; <\/p>\n","protected":false},"author":1,"featured_media":0,"comment_status":"closed","ping_status":"closed","sticky":false,"template":"single-sidebar.php","format":"standard","meta":{"footnotes":""},"categories":[384],"tags":[],"class_list":["post-10119","post","type-post","status-publish","format-standard","hentry","category-c243-comunicati-stampa-dei-consiglieri-243"],"_links":{"self":[{"href":"https:\/\/archivio.comune.potenza.it\/index.php?rest_route=\/wp\/v2\/posts\/10119"}],"collection":[{"href":"https:\/\/archivio.comune.potenza.it\/index.php?rest_route=\/wp\/v2\/posts"}],"about":[{"href":"https:\/\/archivio.comune.potenza.it\/index.php?rest_route=\/wp\/v2\/types\/post"}],"author":[{"embeddable":true,"href":"https:\/\/archivio.comune.potenza.it\/index.php?rest_route=\/wp\/v2\/users\/1"}],"replies":[{"embeddable":true,"href":"https:\/\/archivio.comune.potenza.it\/index.php?rest_route=%2Fwp%2Fv2%2Fcomments&post=10119"}],"version-history":[{"count":0,"href":"https:\/\/archivio.comune.potenza.it\/index.php?rest_route=\/wp\/v2\/posts\/10119\/revisions"}],"wp:attachment":[{"href":"https:\/\/archivio.comune.potenza.it\/index.php?rest_route=%2Fwp%2Fv2%2Fmedia&parent=10119"}],"wp:term":[{"taxonomy":"category","embeddable":true,"href":"https:\/\/archivio.comune.potenza.it\/index.php?rest_route=%2Fwp%2Fv2%2Fcategories&post=10119"},{"taxonomy":"post_tag","embeddable":true,"href":"https:\/\/archivio.comune.potenza.it\/index.php?rest_route=%2Fwp%2Fv2%2Ftags&post=10119"}],"curies":[{"name":"wp","href":"https:\/\/api.w.org\/{rel}","templated":true}]}}