{"id":10121,"date":"2014-10-18T09:56:00","date_gmt":"2014-10-18T07:56:00","guid":{"rendered":"http:\/\/archivio.comune.potenza.it\/comune_wp\/?p=10121"},"modified":"2014-10-18T09:56:00","modified_gmt":"2014-10-18T07:56:00","slug":"mario-guarente-liberiamo-la-citta-situazione-citta-di-potenza","status":"publish","type":"post","link":"https:\/\/archivio.comune.potenza.it\/?p=10121","title":{"rendered":"Mario Guarente (Liberiamo la Citt\u00e0): Situazione Citta\u2019 di Potenza"},"content":{"rendered":"<p><span style=\"line-height: 1.3em;\">\u201c Se fossimo stati in piena estate avrei\u00a0sicuramente\u00a0ricondotto al caldo eccessivo le\u00a0\u201c\u00a0uscite\u00a0\u201c\u00a0di qualche esponente politico della nostra Regione, ma in un ottobre cos\u00ec uggioso mi viene difficile trovare una giustificazione alle artificiose\u00a0\u2013 e talvolta anche inopportune e strumentali &#8211;\u00a0argomentazioni che alcuni Sindaci, alcuni Consiglieri Regionali ed alcuni Segretari di partito\u00a0stanno elaborando nei confronti della citt\u00e0 di Potenza \u201c .\u00a0<\/span><\/p>\n<p>E\u2019 quanto dichiara in una nota il Consigliere Comunale del Capoluogo, Mario Guarente, che aggiunge:\u00a0<br \/> \u201c\u00a0da giorni assistiamo da un lato alla strumentale alzata di scudi dei Sindaci di qualche Comune che, in maniera\u00a0del tutto\u00a0populistica, pretendono che venga negato un fondo che possa salvare la Citt\u00e0 di Potenza da un baratro in cui una pessima gestione politico\/amministrativa con tanto di nomi, cognomi e\u00a0appartenenze politiche ben note\u00a0l\u2019ha condotta; dall\u2019altro\u00a0vediamo alcuni Consiglieri Comunali e Segretari\u00a0 di\u00a0 un partito ampiamente rappresentato nell\u2019Assise della Citt\u00e0 cambiare opinioni e idee da un giorno all\u2019altro facendo dichiarazioni durante una seduta consiliare che vanno in una diametralmente\u00a0opposta rispetto a quanto ufficializzato a mezzo stampa; e poi ci sono Consiglieri Regionali che auspicano un Commissariamento del Comune, mentre i rappresentanti comunali dello stesso partito votano un provvedimento \u00a0( quello sulla Tari ) finalizzato, al contrario, ad evitare che aumentino le probabilit\u00e0 dello stesso.\u00a0<br \/> Una grande confusione, insomma, che agli occhi di un\u00a0osservatore appare\u00a0pi\u00f9 come una vera e propria battaglia politica tra correnti, correntine e filiere di partiti e coalizioni, piuttosto che\u00a0come\u00a0la voglia di avviare un ragionamento serio sulla citt\u00e0 Capoluogo.\u00a0<br \/> E\u2019 bene chiarire a chi ancora non lo sapesse che Potenza \u00e8 una citt\u00e0 con una popolazione pari a circa 70.000 abitanti, ma che raddoppia quotidianamente la sua utenza grazie ad altrettante persone che, all\u2019incirca, ogni giorno arrivano in citt\u00e0 dalle altre realt\u00e0 comunali della Regione.\u00a0<br \/> Altrettante persone, quindi,\u00a0che utilizzano un servizio di trasporti\u00a0che per dieci anni \u00e8 stato\u00a0completamente gratuito ( non per colpa dell\u2019attuale amministrazione ), che utilizzano e consumano le strade, che contribuiscono\u00a0ad\u00a0aumentare\u00a0uscite comunali che altrimenti sarebbero pi\u00f9 contenute.\u00a0<br \/> Con questo non voglio nella maniera pi\u00f9 assoluta dire che ci\u00f2 non deve accadere n\u00e9, tantomeno, che questa cosa mi infastidisce.\u00a0<br \/> Ritengo, anzi, che una \u201c Citt\u00e0 di servizi \u201c ( come qualcuno l\u2019ha definita, ma non credo sia questa l\u2019unica vocazione della nostra Potenza\u00a0) debba accogliere tutti e debba farsi carico dell\u2019esigenze di un\u2019intera comunit\u00e0 regionale.\u00a0<br \/> E ritengo\u00a0anche\u00a0che Potenza questo ruolo l\u2019abbia svolto sempre, anche quando si \u00e8 trattato di sostenere battaglie \u2013 ahinoi perse &#8211; finalizzate al salvataggio del Tribunale di Melfi, piuttosto che ad evitare che un\u2019area della Basilicata divenisse un centro di stoccaggio di rifiuti nucleari ed altamente nocivi.\u00a0<br \/> Non so perch\u00e9\u00a0scrivendo\u00a0mi \u00e8 venuta in mente proprio la questione relativa al Tribunale della Citt\u00e0, ma anche questo \u00e8 un dato che oggi va analizzato: l\u2019annosa questione della soppressione del Palazzo di Giustizia della\u00a0citt\u00e0 \u00a0di \u00a0Federico II ha comportato, purtroppo per quella realt\u00e0, il trasferimento di un carico ingente di persone nella citt\u00e0 di Potenza. Carico, questo, di non poco conto se si considera l\u2019utenza che aveva quel Tribunale e che oggi si \u00e8 riversata tutta nella nostra\u00a0Potenza.\u00a0<br \/> Lo stesso discorso vale per le migliaia di persone che sono impiegate negli Enti pubblici situati nella Citt\u00e0 o che frequentano le nostre sedi universitarie e che, per\u00f2, di fatto risiedono e pagano le tasse in altri Comuni della Regione.\u00a0<br \/> Tutto questo sembra non essere minimamente tenuto in considerazione neanche da quelle forze politiche che sono da sempre\u00a0 in coalizione con quei partiti che hanno determinato il default economico\u00a0della Citt\u00e0 Capoluogo, ma che solo oggi si sono ricordate di rivendicare \u2013 ripeto strumentalmente e populisticamente\u00a0\u2013\u00a0una parit\u00e0 di trattamento da parte della Regione Basilicata.\u00a0<br \/> Io una risposta me la sono sinceramente data a tutto questo via vai di frecciatine che la stampa ha reso\u00a0ultimamente\u00a0note, ma non voglio scadere in un gioco delle parti , finalizzato esclusivamente ad\u00a0ottenere\u00a0una postazione politica o ad una\u00a0pre\u00a0&#8211; campagna elettorale per attestarsi come forza di riferimento di un\u2019area ben precisa di questa Regione, che\u00a0non mi appartiene.\u00a0<br \/> A me e all\u2019intera comunit\u00e0 preme\u00a0che si sviluppi un ragionamento serio sul come, insieme, una generazione ben rappresentata tanto nel centro destra\u00a0quanto\u00a0nel centro sinistra possa contribuire a risolvere ci\u00f2 che una classe\u00a0politica palesemente inadeguata ha determinato; ci interessa provare a capire come questo Comune, dopo aver ricevuto un contributo che mi auguro arrivi quanto prima \u2013 e spero senza ulteriori polemiche davvero futili e imbarazzanti &#8211;\u00a0possa\u00a0provare a risparmiare quei 25 milioni di euro in pi\u00f9 che ogni anno spende.<br \/> Ci interessa\u00a0sapere, infine, chi \u00e8 realmente interessato a lavorare alacremente per voltare una brutta pagina politico\/amministrativa di questa Citt\u00e0 e chi, invece, tanto all\u2019interno del Consiglio quanto fuori, ha interessi ( in alcuni casi mal\u00a0 celati ) con il chiaro scopo di accaparrarsi una migliore postazione politica a discapito di un\u2019intera comunit\u00e0\u201c.<\/p>\n<p>\u00a0<\/p>\n","protected":false},"excerpt":{"rendered":"<p>\u201c Se fossimo stati in piena estate avrei\u00a0sicuramente\u00a0ricondotto al caldo eccessivo le\u00a0\u201c\u00a0uscite\u00a0\u201c\u00a0di qualche esponente politico della nostra Regione, ma in un ottobre cos\u00ec uggioso mi &#8230; <\/p>\n","protected":false},"author":1,"featured_media":0,"comment_status":"closed","ping_status":"closed","sticky":false,"template":"single-sidebar.php","format":"standard","meta":{"footnotes":""},"categories":[384],"tags":[],"class_list":["post-10121","post","type-post","status-publish","format-standard","hentry","category-c243-comunicati-stampa-dei-consiglieri-243"],"_links":{"self":[{"href":"https:\/\/archivio.comune.potenza.it\/index.php?rest_route=\/wp\/v2\/posts\/10121"}],"collection":[{"href":"https:\/\/archivio.comune.potenza.it\/index.php?rest_route=\/wp\/v2\/posts"}],"about":[{"href":"https:\/\/archivio.comune.potenza.it\/index.php?rest_route=\/wp\/v2\/types\/post"}],"author":[{"embeddable":true,"href":"https:\/\/archivio.comune.potenza.it\/index.php?rest_route=\/wp\/v2\/users\/1"}],"replies":[{"embeddable":true,"href":"https:\/\/archivio.comune.potenza.it\/index.php?rest_route=%2Fwp%2Fv2%2Fcomments&post=10121"}],"version-history":[{"count":0,"href":"https:\/\/archivio.comune.potenza.it\/index.php?rest_route=\/wp\/v2\/posts\/10121\/revisions"}],"wp:attachment":[{"href":"https:\/\/archivio.comune.potenza.it\/index.php?rest_route=%2Fwp%2Fv2%2Fmedia&parent=10121"}],"wp:term":[{"taxonomy":"category","embeddable":true,"href":"https:\/\/archivio.comune.potenza.it\/index.php?rest_route=%2Fwp%2Fv2%2Fcategories&post=10121"},{"taxonomy":"post_tag","embeddable":true,"href":"https:\/\/archivio.comune.potenza.it\/index.php?rest_route=%2Fwp%2Fv2%2Ftags&post=10121"}],"curies":[{"name":"wp","href":"https:\/\/api.w.org\/{rel}","templated":true}]}}