{"id":10122,"date":"2014-10-18T09:57:59","date_gmt":"2014-10-18T07:57:59","guid":{"rendered":"http:\/\/archivio.comune.potenza.it\/comune_wp\/?p=10122"},"modified":"2014-10-18T09:57:59","modified_gmt":"2014-10-18T07:57:59","slug":"vincenzo-lofrano-potenza-condivisa-delicato-momento-politico-economico-della-citta","status":"publish","type":"post","link":"https:\/\/archivio.comune.potenza.it\/?p=10122","title":{"rendered":"Vincenzo Lofrano (Potenza Condivisa): Delicato momento politico economico della citt\u00e0"},"content":{"rendered":"<p><span style=\"line-height: 1.3em;\">Per questa breve riflessione mi piace essere considerato consigliere comunale senza distintivi e ci\u00f2 non perch\u00e8 abbia abbandonato il movimento politico(Potenza condivisa) con cui mi sono presentato alle elezioni del maggio scorso o l&#8217;area di appartenenza (centro-sinistra) pi\u00f9 volte dichiarata, ma semplicemente perch\u00e8 il momento politico-economico difficile che la nostra comunit\u00e0 vive richiede l&#8217;impegno di tutti, sindaco e consiglio, a remare nella stessa direzione per condurre la navicella Potenza in acque pi\u00f9 tranquille. La situazione politica ,caratterizzata dalla ormai nota situazione definita anatra zoppa, avr\u00e0 modo e tempo per essere opportunamente affrontata e risolta. Al momento occorre concentrarsi sulla difficile situazione economica dell&#8217;ente e sul bilancio di previsione 2014 che prevede un disavanzo di circa 25 milioni di euro, abbattibili presumibilmente a 22-23,\u00a0 e di circa 10 milioni per 2015 e 2016: in tale situazione posizioni di parte o distinguo\u00a0 sarebbero dannose e non capite dai nostri concittadini. Pertanto condividiamo e sosteniamo che sindaco e consiglio comunale tutto, rappresentato dal presidente del consiglio, chiedano al presidente della regione il riconoscimento del ruolo di Potenza capoluogo di regione e in questa partita che noi amministratori,mi sembra di poter dire,giochiamo tutti con la stessa maglia, non possiamo non chiedere l&#8217;aiuto dei sostenitori, i nostri concittadini.<\/span><\/p>\n<p>\u00a0<\/p>\n","protected":false},"excerpt":{"rendered":"<p>Per questa breve riflessione mi piace essere considerato consigliere comunale senza distintivi e ci\u00f2 non perch\u00e8 abbia abbandonato il movimento politico(Potenza condivisa) con cui mi &#8230; <\/p>\n","protected":false},"author":1,"featured_media":0,"comment_status":"closed","ping_status":"closed","sticky":false,"template":"single-sidebar.php","format":"standard","meta":{"footnotes":""},"categories":[384],"tags":[],"class_list":["post-10122","post","type-post","status-publish","format-standard","hentry","category-c243-comunicati-stampa-dei-consiglieri-243"],"_links":{"self":[{"href":"https:\/\/archivio.comune.potenza.it\/index.php?rest_route=\/wp\/v2\/posts\/10122"}],"collection":[{"href":"https:\/\/archivio.comune.potenza.it\/index.php?rest_route=\/wp\/v2\/posts"}],"about":[{"href":"https:\/\/archivio.comune.potenza.it\/index.php?rest_route=\/wp\/v2\/types\/post"}],"author":[{"embeddable":true,"href":"https:\/\/archivio.comune.potenza.it\/index.php?rest_route=\/wp\/v2\/users\/1"}],"replies":[{"embeddable":true,"href":"https:\/\/archivio.comune.potenza.it\/index.php?rest_route=%2Fwp%2Fv2%2Fcomments&post=10122"}],"version-history":[{"count":0,"href":"https:\/\/archivio.comune.potenza.it\/index.php?rest_route=\/wp\/v2\/posts\/10122\/revisions"}],"wp:attachment":[{"href":"https:\/\/archivio.comune.potenza.it\/index.php?rest_route=%2Fwp%2Fv2%2Fmedia&parent=10122"}],"wp:term":[{"taxonomy":"category","embeddable":true,"href":"https:\/\/archivio.comune.potenza.it\/index.php?rest_route=%2Fwp%2Fv2%2Fcategories&post=10122"},{"taxonomy":"post_tag","embeddable":true,"href":"https:\/\/archivio.comune.potenza.it\/index.php?rest_route=%2Fwp%2Fv2%2Ftags&post=10122"}],"curies":[{"name":"wp","href":"https:\/\/api.w.org\/{rel}","templated":true}]}}