{"id":10123,"date":"2014-10-18T10:00:49","date_gmt":"2014-10-18T08:00:49","guid":{"rendered":"http:\/\/archivio.comune.potenza.it\/comune_wp\/?p=10123"},"modified":"2014-10-18T10:00:49","modified_gmt":"2014-10-18T08:00:49","slug":"antonio-vigilante-lista-civica-per-la-citta-e-francesco-morlino-realta-italia-servizio-mensa","status":"publish","type":"post","link":"https:\/\/archivio.comune.potenza.it\/?p=10123","title":{"rendered":"Antonio Vigilante (Lista Civica per la Citt\u00e0) e Francesco Morlino (Realt\u00e0 Italia): Servizio mensa"},"content":{"rendered":"<p>Alcuni giorni fa la cooperativa Multi Service Sud ha inviato una mail ai Dirigenti Scolastici della citt\u00e0, sostenendo di avere una sorta di convenzione con il Comune di Potenza che l&#8217;autorizza a gestire in maniera diretta il servizio mensa delle scuole cittadine, attualmente sospeso a causa dell&#8217;emersione dei dati sul disavanzo di gestione.<br \/>Dunque, \u00e8 necessario chiarire che tale modalit\u00e0 di &#8220;gestione diretta&#8221; pu\u00f2 essere svolta da tutti gli imprenditori che ne abbiano interesse, perch\u00e9 non coinvolge alcun ente pubblico, e non soltanto da Multi Service che, ventilando ai dirigenti scolastici una cosa diversa, dice una cosa falsa.<br \/>Inoltre, la Multi Service ha comunicato ai dirigenti scolastici di svolgere tale servizio utilizzando i punti cottura del Comune, il che non \u00e8 vero, e soprattutto non \u00e8 possibile, dal momento che il servizio mensa pubblico, con i relativi oneri a carico dell&#8217;Ente (tra cui l&#8217;uso dei punti cottura comunali), al momento risulta sospeso.<br \/>Oltre ai vari profili di irregolarit\u00e0, \u00e8 bene chiarire che nessun privato pu\u00f2 vendere i suoi prodotti in un istituto scolastico, utilizzando strutture pubbliche (i punti cottura comunali) senza prima aver concorso a una gara pubblica insieme agli altri imprenditori che ne abbiano interesse e diritto.<br \/>La Multi Service Sud, evidentemente abituata a occupare la scena degli appalti con la precedente amministrazione, ha messo in piedi questo tentativo di &#8220;blitz&#8221; per accaparrarsi, in via indiretta, in condizione di monopolio e a scapito degli altri imprenditori, le mense scolastiche della citt\u00e0.<br \/>Questa azione \u00e8 inaccettabile, spregiudicata e scorretta: specula sui bisogni delle famiglie, viola tutte le regole dei servizi pubblici, probabilmente costituisce reato, e comporta un grave danno per la gi\u00e0 provata impresa locale, che da sempre deve subire l&#8217;arroganza di imprenditori pi\u00f9 pratici delle segreterie di partito che delle regole della buona concorrenza.<br \/>Invitiamo pertanto Multi Service, insieme a tutti gli altri imprenditori della ristorazione interessati, ad affrontare con vero spirito solidaristico (e con minore furbizia) il problema delle mense cittadine, costruendo un sistema veramente &#8220;diretto&#8221; di mensa scolastica, che possa contribuire a tamponare la situazione, in questo difficilissimo momento storico della nostra citt\u00e0. Invitiamo gli imprenditori della ristorazione a farsi avanti, contattando i genitori, facendo pervenire agli istituti scolastici proposte di men\u00f9 per bambini e utilizzando -soprattutto- strumenti e strutture esclusivamente private per la preparazione dei pasti e per la consegna.<br \/>La concorrenza non pu\u00f2 che giovare alla qualit\u00e0 e alle finanze, pubbliche e private. E il rispetto delle regole \u00e8 un patrimonio da preservare per il bene di tutti, specie dei pi\u00f9 piccoli<\/p>\n<p><span>\u00a0<\/span><\/p>\n","protected":false},"excerpt":{"rendered":"<p>Alcuni giorni fa la cooperativa Multi Service Sud ha inviato una mail ai Dirigenti Scolastici della citt\u00e0, sostenendo di avere una sorta di convenzione con &#8230; <\/p>\n","protected":false},"author":1,"featured_media":0,"comment_status":"closed","ping_status":"closed","sticky":false,"template":"single-sidebar.php","format":"standard","meta":{"footnotes":""},"categories":[384],"tags":[],"class_list":["post-10123","post","type-post","status-publish","format-standard","hentry","category-c243-comunicati-stampa-dei-consiglieri-243"],"_links":{"self":[{"href":"https:\/\/archivio.comune.potenza.it\/index.php?rest_route=\/wp\/v2\/posts\/10123"}],"collection":[{"href":"https:\/\/archivio.comune.potenza.it\/index.php?rest_route=\/wp\/v2\/posts"}],"about":[{"href":"https:\/\/archivio.comune.potenza.it\/index.php?rest_route=\/wp\/v2\/types\/post"}],"author":[{"embeddable":true,"href":"https:\/\/archivio.comune.potenza.it\/index.php?rest_route=\/wp\/v2\/users\/1"}],"replies":[{"embeddable":true,"href":"https:\/\/archivio.comune.potenza.it\/index.php?rest_route=%2Fwp%2Fv2%2Fcomments&post=10123"}],"version-history":[{"count":0,"href":"https:\/\/archivio.comune.potenza.it\/index.php?rest_route=\/wp\/v2\/posts\/10123\/revisions"}],"wp:attachment":[{"href":"https:\/\/archivio.comune.potenza.it\/index.php?rest_route=%2Fwp%2Fv2%2Fmedia&parent=10123"}],"wp:term":[{"taxonomy":"category","embeddable":true,"href":"https:\/\/archivio.comune.potenza.it\/index.php?rest_route=%2Fwp%2Fv2%2Fcategories&post=10123"},{"taxonomy":"post_tag","embeddable":true,"href":"https:\/\/archivio.comune.potenza.it\/index.php?rest_route=%2Fwp%2Fv2%2Ftags&post=10123"}],"curies":[{"name":"wp","href":"https:\/\/api.w.org\/{rel}","templated":true}]}}