{"id":10126,"date":"2014-10-18T10:04:35","date_gmt":"2014-10-18T08:04:35","guid":{"rendered":"http:\/\/archivio.comune.potenza.it\/comune_wp\/?p=10126"},"modified":"2014-10-18T10:04:35","modified_gmt":"2014-10-18T08:04:35","slug":"alessandro-galella-fratelli-d-italia-potenza-ed-il-contributo-regionale","status":"publish","type":"post","link":"https:\/\/archivio.comune.potenza.it\/?p=10126","title":{"rendered":"Alessandro Galella (Fratelli d&#8217;Italia): Potenza ed il contributo regionale"},"content":{"rendered":"<p><span style=\"line-height: 1.3em;\">Nell\u2019ultima campagna elettorale l\u2019enigma presente in ogni dibattito ha riguardato sempre il deficit del bilancio comunale. Voci, numeri, incubi amministrativi, accuse si sono rincorsi per giorni e non hanno permesso di trasformare ipotesi in numeri certi. I bilanci costantemente in pareggio dell\u2019amministrazione Santarsiero, poi, non hanno offerto nessun supporto per poter svelare l\u2019enigma.<\/span><\/p>\n<p><span>Cos\u00ec a poche settimane dalla loro elezione, avvenuta a giugno, i nuovi Consiglieri comunali hanno scoperto che il bilancio consuntivo, da approvare entro luglio, aveva un buco di 14 milioni e mezzo di euro, al netto della voce in entrata dei 9 milioni di euro erogati dalla Regione.<\/span><\/p>\n<p><span>Dopo altri due mesi di intenso lavoro \u00e8 venuto fuori che anche per il bilancio preventivo, che considera le spese effettuate in 9 mesi su 12, sono gi\u00e0 stati spesi 25 milioni di euro in pi\u00f9 di quanti se ne sarebbero incassati in tutto l\u2019anno.<\/span><\/p>\n<p><span>Insomma se a qualche Consigliere appena eletto era venuto in mente che in considerazione di un buco di 14 milioni di euro del 2013 i precedenti amministratori avessero messo in campo qualche provvedimento per ridurre il disavanzo ha dovuto invece scoprire che le spese nel 2014 sono aumentate del 10%.<\/span><\/p>\n<p><span>Il Comune di Potenza \u00e8 paragonabile ad una famiglia che ha finito a settembre i soldi che avrebbe incassato in tutto l\u2019anno e che, quindi, per i restanti tre mesi non ha denaro per mangiare e deve trovare anche quello per pagare i suoi debiti.<\/span><\/p>\n<p><span>Adesso la Regione, in sintonia con una nuova amministrazione che \u00e8 riuscita finalmente a fare chiarezza sullo stato dei conti della Citt\u00e0 capoluogo, ha la possibilit\u00e0 concreta di dare un segnale importante alla pi\u00f9 grande comunit\u00e0 della Basilicata.<\/span><\/p>\n<p><span>Potenza \u00e8 il Capoluogo di Regione, i suoi abitanti pagano tasse salatissime, sono anche degli ottimi contribuenti secondo le statistiche nazionali ma non hanno mai avuto in cambio servizi adeguati. <\/span><\/p>\n<p><span>I Potentini, ad esempio, hanno subito il danno di una disorganizzazione regionale e provinciale sulla gestione dei rifiuti, pagando per anni cifre incredibili a tutti i Comuni ed ai privati proprietari di discariche. E questa non certo una colpa che si possa addossare ai cittadini di Potenza.<\/span><\/p>\n<p><span>Potenza, poi, essendo Capoluogo di Regione eroga servizi a tutti gli abitanti della Provincia e a tutti i Lucani: 25 mila persone non residenti ogni giorno usufruiscono delle sue scuole, dei suoi uffici, dei suoi mezzi pubblici, delle sue strade e dei suoi cassonetti della spazzatura. <\/span><\/p>\n<p><span>Non si comprende perch\u00e9 la Citt\u00e0 Capoluogo, con i suoi quasi 70 mila abitanti, non dovrebbe ricevere un aiuto economico dalla Regione, proporzionato alla sua popolazione residente e non, che ogni giorno vive la Citt\u00e0.<\/span><\/p>\n<p><span>Se qualcuno si stupisce della possibilit\u00e0 di dare contributo ai potentini, riteniamo che sia giunto il momento di ripensare la redistribuzione delle risorse regionali, comprese le royalties petrolifere, a tutto il territorio inclusi i due Capoluoghi, in modo che le pi\u00f9 grandi comunit\u00e0 della regione possano fornire servizi di qualit\u00e0.<\/span><\/p>\n<p><span>Non vogliamo sottrarci alle nostre responsabilit\u00e0. Al di l\u00e0 del contributo esterno \u00e8 necessario ed \u00e8 giusto che la Citt\u00e0 cambi rotta, facendo pagare i servizi a chi li utilizza, monitorando che tutti paghino, ottimizzando le spese e annullando gli sprechi, cosa che negli ultimi 10 anni, evidentemente, non \u00e8 stata fatta.<\/span><\/p>\n<p><span>La Regione oggi pu\u00f2 contare finalmente su una amministrazione che si pone l\u2019obbiettivo di voler riequilibrare le spese e soprattutto di voler prendere anche decisioni difficili pur di ridare ai potentini pilastri solidi su cui costruire un futuro fatto di stabilit\u00e0 e non di continua emergenza<\/span><\/p>\n","protected":false},"excerpt":{"rendered":"<p>Nell\u2019ultima campagna elettorale l\u2019enigma presente in ogni dibattito ha riguardato sempre il deficit del bilancio comunale. Voci, numeri, incubi amministrativi, accuse si sono rincorsi per &#8230; <\/p>\n","protected":false},"author":1,"featured_media":0,"comment_status":"closed","ping_status":"closed","sticky":false,"template":"single-sidebar.php","format":"standard","meta":{"footnotes":""},"categories":[384],"tags":[],"class_list":["post-10126","post","type-post","status-publish","format-standard","hentry","category-c243-comunicati-stampa-dei-consiglieri-243"],"_links":{"self":[{"href":"https:\/\/archivio.comune.potenza.it\/index.php?rest_route=\/wp\/v2\/posts\/10126"}],"collection":[{"href":"https:\/\/archivio.comune.potenza.it\/index.php?rest_route=\/wp\/v2\/posts"}],"about":[{"href":"https:\/\/archivio.comune.potenza.it\/index.php?rest_route=\/wp\/v2\/types\/post"}],"author":[{"embeddable":true,"href":"https:\/\/archivio.comune.potenza.it\/index.php?rest_route=\/wp\/v2\/users\/1"}],"replies":[{"embeddable":true,"href":"https:\/\/archivio.comune.potenza.it\/index.php?rest_route=%2Fwp%2Fv2%2Fcomments&post=10126"}],"version-history":[{"count":0,"href":"https:\/\/archivio.comune.potenza.it\/index.php?rest_route=\/wp\/v2\/posts\/10126\/revisions"}],"wp:attachment":[{"href":"https:\/\/archivio.comune.potenza.it\/index.php?rest_route=%2Fwp%2Fv2%2Fmedia&parent=10126"}],"wp:term":[{"taxonomy":"category","embeddable":true,"href":"https:\/\/archivio.comune.potenza.it\/index.php?rest_route=%2Fwp%2Fv2%2Fcategories&post=10126"},{"taxonomy":"post_tag","embeddable":true,"href":"https:\/\/archivio.comune.potenza.it\/index.php?rest_route=%2Fwp%2Fv2%2Ftags&post=10126"}],"curies":[{"name":"wp","href":"https:\/\/api.w.org\/{rel}","templated":true}]}}