{"id":10128,"date":"2014-10-18T10:07:39","date_gmt":"2014-10-18T08:07:39","guid":{"rendered":"http:\/\/archivio.comune.potenza.it\/comune_wp\/?p=10128"},"modified":"2014-10-18T10:07:39","modified_gmt":"2014-10-18T08:07:39","slug":"antonio-vigilante-lista-civica-per-la-citta-carretta-e-il-fantomatico-buco-di-bilancio","status":"publish","type":"post","link":"https:\/\/archivio.comune.potenza.it\/?p=10128","title":{"rendered":"Antonio Vigilante (Lista Civica per la Citt\u00e0): Carretta e il fantomatico buco di bilancio"},"content":{"rendered":"<p>In un recente comunicato il consigliere Carretta ha affermato testualmente che la notizia del debito potentino \u00e8 in realt\u00e0 solo &#8220;un fantomatico buco che non esiste in quanto non esistono sostanzialmente debiti fuori bilancio ma solo un disavanzo, di gran lunga inferiore alle somme annunciate, che poteva essere affrontato con responsabilit\u00e0 e competenza senza aspettare che fosse nominato un Commissario ad acta&#8221;.<br \/>Dunque delle due l&#8217;una: o il consigliere Carretta non distingue i concetti di disavanzo, debito fuori bilancio e debito storico (il che non pu\u00f2 essere, trattandosi di un valente avvocato), o crede che tutti i potentini abbiano l&#8217;anello al naso. Su quest&#8217;ultimo punto intendiamo tranquillizzarlo: i cittadini hanno compreso benissimo in quale situazione ci hanno cacciato i predecessori di Carretta, e comprendono benissimo che ogni taglio della spesa corrente \u00e8 la conseguenza dello sperpero di denaro pubblico di quegli amministratori, che Carretta continua eroicamente a difendere. Negare il buco di bilancio non servir\u00e0 a trovare il denaro per evitare il dissesto, e proporre escamotage di &#8220;finanza creativa&#8221; per evitare il dissesto, oggi, e rovesciarlo (moltiplicato) sulle generazioni future, domani, non pu\u00f2 che peggiorare la situazione. Situazione che abbiamo il dovere morale di risolvere, oggi, e di risolvere una volta per tutte.<br \/>Ci rendiamo conto di quanto ci perda (politicamente e non solo) la filiera politica del consigliere Carretta ad ammettere le magagne della passata amministrazione, ma non possiamo accettare che, chi ha provocato il disavanzo attuale, e il collegato rischio dissesto, non solo non taccia pudicamente, ma si avventuri persino nella temeraria impresa di criticare (sic!) gli altri.<br \/>Auspichiamo che le forze giovani del centrosinistra sappiano individuare (e perch\u00e9 no, indicare) un percorso di crescita e di confronto con la giunta comunale espressione del voto popolare, e che evitino di seguire il cattivo esempio, amministrativo e politico, di chi, quando \u00e8 al governo della citt\u00e0, \u00e8 capace soltanto di coltivare clientele abbandonando tutto il resto, e quando \u00e8 all&#8217;opposizione, \u00e8 capace soltanto di vestire i panni della provocazione, senza apportare alcun contributo.<br \/>Ritengo che la crescita culturale della classe dirigente (di centro, destra e sinistra) della nostra citt\u00e0 passi attraverso la liquidazione dei vecchi (non solo anagraficamente) schemi del consigliere Carretta, e la sperimentazione di intese nuove, trasversali e costruttive.<br \/>I cittadini, di politici buoni solo a scaldare la sedia e strepitare per una poltrona, ne hanno abbastanza.<\/p>\n","protected":false},"excerpt":{"rendered":"<p>In un recente comunicato il consigliere Carretta ha affermato testualmente che la notizia del debito potentino \u00e8 in realt\u00e0 solo &#8220;un fantomatico buco che non &#8230; <\/p>\n","protected":false},"author":1,"featured_media":0,"comment_status":"closed","ping_status":"closed","sticky":false,"template":"single-sidebar.php","format":"standard","meta":{"footnotes":""},"categories":[384],"tags":[],"class_list":["post-10128","post","type-post","status-publish","format-standard","hentry","category-c243-comunicati-stampa-dei-consiglieri-243"],"_links":{"self":[{"href":"https:\/\/archivio.comune.potenza.it\/index.php?rest_route=\/wp\/v2\/posts\/10128"}],"collection":[{"href":"https:\/\/archivio.comune.potenza.it\/index.php?rest_route=\/wp\/v2\/posts"}],"about":[{"href":"https:\/\/archivio.comune.potenza.it\/index.php?rest_route=\/wp\/v2\/types\/post"}],"author":[{"embeddable":true,"href":"https:\/\/archivio.comune.potenza.it\/index.php?rest_route=\/wp\/v2\/users\/1"}],"replies":[{"embeddable":true,"href":"https:\/\/archivio.comune.potenza.it\/index.php?rest_route=%2Fwp%2Fv2%2Fcomments&post=10128"}],"version-history":[{"count":0,"href":"https:\/\/archivio.comune.potenza.it\/index.php?rest_route=\/wp\/v2\/posts\/10128\/revisions"}],"wp:attachment":[{"href":"https:\/\/archivio.comune.potenza.it\/index.php?rest_route=%2Fwp%2Fv2%2Fmedia&parent=10128"}],"wp:term":[{"taxonomy":"category","embeddable":true,"href":"https:\/\/archivio.comune.potenza.it\/index.php?rest_route=%2Fwp%2Fv2%2Fcategories&post=10128"},{"taxonomy":"post_tag","embeddable":true,"href":"https:\/\/archivio.comune.potenza.it\/index.php?rest_route=%2Fwp%2Fv2%2Ftags&post=10128"}],"curies":[{"name":"wp","href":"https:\/\/api.w.org\/{rel}","templated":true}]}}