{"id":10131,"date":"2014-10-18T10:30:13","date_gmt":"2014-10-18T08:30:13","guid":{"rendered":"http:\/\/archivio.comune.potenza.it\/comune_wp\/?p=10131"},"modified":"2014-10-18T10:30:13","modified_gmt":"2014-10-18T08:30:13","slug":"giuseppe-giuzio-fratelli-d-italia-matera-2019-capitale-europea-della-cultura","status":"publish","type":"post","link":"https:\/\/archivio.comune.potenza.it\/?p=10131","title":{"rendered":"Giuseppe Giuzio (Fratelli d&#8217;Italia): Matera capitale europea della cultura 2019"},"content":{"rendered":"<p><span>Matera 2019 Capitale Europea della Cultura \u00e8 ormai realt\u00e0 e questo dimostra che quando i lucani si impegnano in qualcosa sono in grado di raggiungere qualunque risultato, \u00e8 quanto afferma in una nota il Consigliere Comunale di Potenza Giuseppe Giuzio. La vetrina, continua Giuzio, che ne verr\u00e0 sar\u00e0 unica nel suo genere e dar\u00e0 la ribalta non solo alla &#8216;Citt\u00e0 dei Sassi&#8217; ma all&#8217;intera Basilicata. Vedere tutta la classe politica lucana &#8211; schierata senza distinzioni di appartenenza &#8211; esultare alla proclamazione \u00e8 sintomatico che sulle cose belle non ci possono\u00a0 essere distinzione e differenze. La Basilicata, afferma il Consigliere di Fratelli D&#8217;Italia-Alleanza Nazionale,\u00a0 \u00e8 una e come tale va difesa e valorizzata. Potenza esulta con Matera per questo che \u00e8 un momento storico per la nostra terra. L&#8217;evento, conclude Giuzio, unir\u00e0, ancora di pi\u00f9, le due province e lo far\u00e0 in un abbraccio di cultura.<\/span><\/p>\n","protected":false},"excerpt":{"rendered":"<p>Matera 2019 Capitale Europea della Cultura \u00e8 ormai realt\u00e0 e questo dimostra che quando i lucani si impegnano in qualcosa sono in grado di raggiungere &#8230; <\/p>\n","protected":false},"author":1,"featured_media":0,"comment_status":"closed","ping_status":"closed","sticky":false,"template":"single-sidebar.php","format":"standard","meta":{"footnotes":""},"categories":[384],"tags":[],"class_list":["post-10131","post","type-post","status-publish","format-standard","hentry","category-c243-comunicati-stampa-dei-consiglieri-243"],"_links":{"self":[{"href":"https:\/\/archivio.comune.potenza.it\/index.php?rest_route=\/wp\/v2\/posts\/10131"}],"collection":[{"href":"https:\/\/archivio.comune.potenza.it\/index.php?rest_route=\/wp\/v2\/posts"}],"about":[{"href":"https:\/\/archivio.comune.potenza.it\/index.php?rest_route=\/wp\/v2\/types\/post"}],"author":[{"embeddable":true,"href":"https:\/\/archivio.comune.potenza.it\/index.php?rest_route=\/wp\/v2\/users\/1"}],"replies":[{"embeddable":true,"href":"https:\/\/archivio.comune.potenza.it\/index.php?rest_route=%2Fwp%2Fv2%2Fcomments&post=10131"}],"version-history":[{"count":0,"href":"https:\/\/archivio.comune.potenza.it\/index.php?rest_route=\/wp\/v2\/posts\/10131\/revisions"}],"wp:attachment":[{"href":"https:\/\/archivio.comune.potenza.it\/index.php?rest_route=%2Fwp%2Fv2%2Fmedia&parent=10131"}],"wp:term":[{"taxonomy":"category","embeddable":true,"href":"https:\/\/archivio.comune.potenza.it\/index.php?rest_route=%2Fwp%2Fv2%2Fcategories&post=10131"},{"taxonomy":"post_tag","embeddable":true,"href":"https:\/\/archivio.comune.potenza.it\/index.php?rest_route=%2Fwp%2Fv2%2Ftags&post=10131"}],"curies":[{"name":"wp","href":"https:\/\/api.w.org\/{rel}","templated":true}]}}