{"id":12844,"date":"2015-06-13T14:56:04","date_gmt":"2015-06-13T14:56:04","guid":{"rendered":"http:\/\/archivio.comune.potenza.it\/comune_wp\/?p=12844"},"modified":"-0001-11-30T00:00:00","modified_gmt":"-0001-11-29T22:00:00","slug":"gianpaolo-carretta-partito-democratico-settore-trasporti","status":"publish","type":"post","link":"https:\/\/archivio.comune.potenza.it\/?p=12844","title":{"rendered":"Gianpaolo Carretta (Partito Democratico): Settore trasporti"},"content":{"rendered":"<p><span style=\"font-size: 12.1599998474121px; line-height: 1.3em;\">\u201c Dobbiamo ahinoi registrare che siamo in presenza di una Giunta comunale che si sta caratterizzando per una strutturale incapacit\u00e0 amministrativa, fatti di annunci e non di realizzazioni o di soluzioni di problematiche per la comunit\u00e0 potentina.<\/span><\/p>\n<p>In materia di trasporti, alla luce di un servizio giudicato eccessivamente oneroso e da rivedere anche organizzativamente con una visione sinergica ed innovativa del sistema dei trasporti, il vice Sindaco Bellettieri aveva annunciato a met\u00e0 settembre che la pacchia per la Cotrab era finita e che per il 10 ottobre sarebbe stato depositato il nuovo bando di gara per l\u2019affidamento del servizio pubblico di trasporto urbano.<\/p>\n<p>Ad oggi la procedura non \u00e8 stata attivata, ingenerando confusione e disorientamento sia nei lavoratori impiegati nel servizio, sia nella comunit\u00e0 che si aspettava un servizio pi\u00f9 efficiente a costi inferiori diretti ed indiretti.<\/p>\n<p>Siamo stanchi di questo immobilismo amministrativo in tutti i settori strategici.<\/p>\n<p>L\u2019assessore e Vice Sindaco Bellettieri ne tragga le conclusioni per rispetto della comunit\u00e0.\u201d<\/p>\n","protected":false},"excerpt":{"rendered":"<p>\u201c Dobbiamo ahinoi registrare che siamo in presenza di una Giunta comunale che si sta caratterizzando per una strutturale incapacit\u00e0 amministrativa, fatti di annunci e &#8230; <\/p>\n","protected":false},"author":1,"featured_media":0,"comment_status":"closed","ping_status":"closed","sticky":false,"template":"single-sidebar.php","format":"standard","meta":{"footnotes":""},"categories":[384],"tags":[],"class_list":["post-12844","post","type-post","status-publish","format-standard","hentry","category-c243-comunicati-stampa-dei-consiglieri-243"],"_links":{"self":[{"href":"https:\/\/archivio.comune.potenza.it\/index.php?rest_route=\/wp\/v2\/posts\/12844"}],"collection":[{"href":"https:\/\/archivio.comune.potenza.it\/index.php?rest_route=\/wp\/v2\/posts"}],"about":[{"href":"https:\/\/archivio.comune.potenza.it\/index.php?rest_route=\/wp\/v2\/types\/post"}],"author":[{"embeddable":true,"href":"https:\/\/archivio.comune.potenza.it\/index.php?rest_route=\/wp\/v2\/users\/1"}],"replies":[{"embeddable":true,"href":"https:\/\/archivio.comune.potenza.it\/index.php?rest_route=%2Fwp%2Fv2%2Fcomments&post=12844"}],"version-history":[{"count":0,"href":"https:\/\/archivio.comune.potenza.it\/index.php?rest_route=\/wp\/v2\/posts\/12844\/revisions"}],"wp:attachment":[{"href":"https:\/\/archivio.comune.potenza.it\/index.php?rest_route=%2Fwp%2Fv2%2Fmedia&parent=12844"}],"wp:term":[{"taxonomy":"category","embeddable":true,"href":"https:\/\/archivio.comune.potenza.it\/index.php?rest_route=%2Fwp%2Fv2%2Fcategories&post=12844"},{"taxonomy":"post_tag","embeddable":true,"href":"https:\/\/archivio.comune.potenza.it\/index.php?rest_route=%2Fwp%2Fv2%2Ftags&post=12844"}],"curies":[{"name":"wp","href":"https:\/\/api.w.org\/{rel}","templated":true}]}}