{"id":12845,"date":"2015-06-13T14:58:08","date_gmt":"2015-06-13T14:58:08","guid":{"rendered":"http:\/\/archivio.comune.potenza.it\/comune_wp\/?p=12845"},"modified":"-0001-11-30T00:00:00","modified_gmt":"-0001-11-29T22:00:00","slug":"roberto-falotico-potenza-condivisa-nuova-linea-urbana-n-1","status":"publish","type":"post","link":"https:\/\/archivio.comune.potenza.it\/?p=12845","title":{"rendered":"Roberto Falotico (Potenza Condivisa): Nuova linea urbana n\u00b0 1"},"content":{"rendered":"<p>L\u2019ultima cosa di cui la citt\u00e0 di Potenza ha bisogno \u00e8 una rissa sulle responsabilit\u00e0 e un conseguente abbandono dell\u2019impegno di tutti a salvare il salvabile. Litigare sull\u2019orlo del burrone \u00e8 quanto di pi\u00f9 stupido si possa fare. Voci dissonanti e comportamenti da \u201csi salvi chi pu\u00f2\u201d stanno pericolosamente convergendo verso una soluzione che condanna la comunit\u00e0 potentina ad anni ed anni di sacrifici, con servizi ridotti al minimo e dai costi esorbitanti in un periodo in cui moltissime famiglie oggettivamente non riescono ad arrivare a fine mese. Apriamo e chiudiamo il capitolo delle responsabilit\u00e0 dicendo che da una parte non si pu\u00f2 trovare un capro espiatorio e dall\u2019altra che certe situazioni non sono nate ieri e portano firme e colpe dentro e fuori l\u2019aula consiliare.<\/p>\n<p>Sul piano politico, lo sbaglio pi\u00f9 grossolano che si sta facendo \u00e8 quello di colorare a piacimento l\u2019anatra zoppa: chi facendo pesare la forte maggioranza al Consiglio comunale, chi facendo pesare l\u2019elezione diretta del Sindaco. Ai primi dico che quando la casa brucia occorre semplicemente portare il secchio, ai secondi dico che il Sindaco \u00e8 stato scelto per la persona non per un colore. Ci\u00f2 significa che tutti debbono usare prudenza sul terreno della rappresentazione politica della situazione, lavorando alla unica soluzione possibile, che \u00e8 quella di un governo di emergenza civica capace di rendere spendibile una consiliatura nell\u2019interesse della citt\u00e0.<\/p>\n<p>Per quanto riguarda me e quanti non vogliono banalizzare il senso vero ed a volte troppo abusato del termine responsabilit\u00e0, noi non lasceremo nulla di intentato per individuare un percorso\u00a0 di graduale riduzione del debito, con l\u2019intelligente rivisitazione di tutte le voci di spesa, a cominciare da quelle, e ce ne sono, che non appaiono esattamente prioritarie. Che poi questo percorso sia controllato o meno dalle autorit\u00e0 preposte, \u00e8 solo un motivo in pi\u00f9 per stimolare la capacit\u00e0 della politica a trovare le risposte atte a contenere e limitare gli effetti di tagli ragionieristici. La stessa Regione, se, come crediamo non vuole ridursi a portare latte e biscotti in casa del morto, deve allargare il proprio sguardo ad un intervento costante e programmato negli anni di finanziamento diretto di quella parte dei servizi indotti dal ruolo di citt\u00e0 capoluogo in favore di una utenza regionale ed extraregionale, dai trasporti, ai rifiuti, alle mense. Le dichiarazioni del Presidente fanno credere che si possa andare in questa direzione. Speriamo.<\/p>\n<p>Su tutte queste cose il dibattito deve esprimere verit\u00e0 e buona volont\u00e0. Sarebbe sbagliato per un Sindaco non porsi al di sopra delle parti, dando voce e azione a chi da questa vicenda tende a trarre un risultato che le urne non gli hanno dato; cos\u00ec come sarebbe altrettanto sbagliato porsi in una posizione di continua e permanente contrattazione su ogni questione che possa avere un significato politico. Bisogna tutti fare un passo indietro e guardare al Governo comunale come ad un governo di salute pubblica, chiamato a esercitare un ruolo emergenziale e straordinario, che, come tale, riceve sostegno da un\u2019Assemblea municipale responsabile, consapevole e protagonista del salvataggio della citt\u00e0.<\/p>\n","protected":false},"excerpt":{"rendered":"<p>L\u2019ultima cosa di cui la citt\u00e0 di Potenza ha bisogno \u00e8 una rissa sulle responsabilit\u00e0 e un conseguente abbandono dell\u2019impegno di tutti a salvare il &#8230; <\/p>\n","protected":false},"author":1,"featured_media":0,"comment_status":"closed","ping_status":"closed","sticky":false,"template":"single-sidebar.php","format":"standard","meta":{"footnotes":""},"categories":[384],"tags":[],"class_list":["post-12845","post","type-post","status-publish","format-standard","hentry","category-c243-comunicati-stampa-dei-consiglieri-243"],"_links":{"self":[{"href":"https:\/\/archivio.comune.potenza.it\/index.php?rest_route=\/wp\/v2\/posts\/12845"}],"collection":[{"href":"https:\/\/archivio.comune.potenza.it\/index.php?rest_route=\/wp\/v2\/posts"}],"about":[{"href":"https:\/\/archivio.comune.potenza.it\/index.php?rest_route=\/wp\/v2\/types\/post"}],"author":[{"embeddable":true,"href":"https:\/\/archivio.comune.potenza.it\/index.php?rest_route=\/wp\/v2\/users\/1"}],"replies":[{"embeddable":true,"href":"https:\/\/archivio.comune.potenza.it\/index.php?rest_route=%2Fwp%2Fv2%2Fcomments&post=12845"}],"version-history":[{"count":0,"href":"https:\/\/archivio.comune.potenza.it\/index.php?rest_route=\/wp\/v2\/posts\/12845\/revisions"}],"wp:attachment":[{"href":"https:\/\/archivio.comune.potenza.it\/index.php?rest_route=%2Fwp%2Fv2%2Fmedia&parent=12845"}],"wp:term":[{"taxonomy":"category","embeddable":true,"href":"https:\/\/archivio.comune.potenza.it\/index.php?rest_route=%2Fwp%2Fv2%2Fcategories&post=12845"},{"taxonomy":"post_tag","embeddable":true,"href":"https:\/\/archivio.comune.potenza.it\/index.php?rest_route=%2Fwp%2Fv2%2Ftags&post=12845"}],"curies":[{"name":"wp","href":"https:\/\/api.w.org\/{rel}","templated":true}]}}