{"id":12846,"date":"2015-06-13T15:00:38","date_gmt":"2015-06-13T15:00:38","guid":{"rendered":"http:\/\/archivio.comune.potenza.it\/comune_wp\/?p=12846"},"modified":"-0001-11-30T00:00:00","modified_gmt":"-0001-11-29T22:00:00","slug":"donatella-cutro-e-donato-pace-socialist-democrats-sostegno-economico-della-regione-basilicata","status":"publish","type":"post","link":"https:\/\/archivio.comune.potenza.it\/?p=12846","title":{"rendered":"Donatella Cutro e Donato Pace (Socialist &#038; Democrats): Sostegno economico della Regione Basilicata"},"content":{"rendered":"<p>In merito al dibattito sui soldi dati o meno al capoluogo crediamo\u00a0che ci sia pi\u00f9 di\u00a0qualcuno che continui a fare campagna elettorale non riconoscendo la disponibilit\u00e0\u00a0che la Regione Basilicata ha finora sempre dimostrato nei confronti di questa amministrazione.\u00a0 Gli oltre 97 milioni di euro stanziati nei confronti del capoluogo negli ultimi cinque anni ne sono una prova.\u00a0Peraltro, la risposta del Presidente Pittella al sindaco De Luca\u00a0evidenzia la possibilit\u00e0 di sottoporre all&#8217;approvazione del Consiglio Regionale uno specifico Disegno di Legge contemplante\u00a0un contributo in favore della citt\u00e0 di Potenza ammontante a circa 10.000.000 \u20ac, che graverebbe per circa 5.000.000 \u20ac sul Bilancio dell&#8217;anno 2014 e per i restanti 5.000.000 \u20ac sul Bilancio dell&#8217;anno 2016.\u00a0 Oltre a prevedere, su base pluriennale, misure finanziarie aggiuntive a sostegno del capoluogo\u00a0di Regione, nella misura richiesta per le annualit\u00e0 2015 e 2016 dal Comune medesimo.\u00a0Quindi se proprio di colpe dobbiamo parlare, anche se riteniamo inopportuno farlo in questo momento delicato, la Regione Basilicata e lo stesso governatore chiamato in causa non sono da inserire nella lista.<\/p>\n<p>Fin da subito il gruppo S&amp;D ha cercato di instaurare un sano e costruttivo dibattito con la giunta puntando ad aprire una nuova stagione che miri al merito, ai fatti e non all&#8217;acquisizione di poltrone. Dispiace quindi constatare che a distanza di qualche mese si continui a ragionare secondo vecchie logiche di potere che nulla hanno a che fare con il nuovo corso.\u00a0Da\u00a0neo\u00a0consiglieri\u00a0comunali\u00a0troviamo quindi\u00a0alquanto obsoleto continuare a ricercare le soluzioni riponendo aspettative solo nella\u00a0Regione e non provando a ragionare su quelle\u00a0che sono le possibili soluzioni. Riteniamo che uno dei motivi che ci ha condotti a questo momento drammatico sia stata l&#8217;approssimazione e la lentezza nell&#8217;affrontare la situazione\u00a0 anche da chi continua a fare opposizione e denunce\u00a0non rendendosi conto di esser al governo.\u00a0Dato il pochissimo tempo che ci divide dal 2 novembre, giorno in cui il commissario <em>ad acta<\/em> scioglier\u00e0 la riserva sull&#8217;analisi del bilancio, pensiamo\u00a0che il nostro tempo debba concentrarsi pi\u00f9\u00a0sul da farsi che non sull&#8217;accusa.\u00a0<\/p>\n<p>Infine troviamo poco costruttivo e riduttivo\u00a0il\u00a0continuare a paragonare il caso\u00a0Potenza con la vittoria di Matera a Capitale Europea della Cultura. Una vittoria che \u00e8 frutto dei cittadini e di una regione che ha creduto in un&#8217;impresa eccezionale fino in fondo . Quindi pi\u00f9 che confrontare le due realt\u00e0 va\u00a0preso\u00a0atto della loro caparbiet\u00e0 nel costruire\u00a0un nuovo modello di governance partecipativo. Esser\u00a0cittadini significa partecipare alla vita della comunit\u00e0 e non esser spettatori passivi. Siamo convinti che riusciremo ad uscire dall&#8217;empasse solo collaborando e mettendo da parte personalismi e propagande elettorali.<\/p>\n","protected":false},"excerpt":{"rendered":"<p>In merito al dibattito sui soldi dati o meno al capoluogo crediamo\u00a0che ci sia pi\u00f9 di\u00a0qualcuno che continui a fare campagna elettorale non riconoscendo la &#8230; <\/p>\n","protected":false},"author":1,"featured_media":0,"comment_status":"closed","ping_status":"closed","sticky":false,"template":"single-sidebar.php","format":"standard","meta":{"footnotes":""},"categories":[384],"tags":[],"class_list":["post-12846","post","type-post","status-publish","format-standard","hentry","category-c243-comunicati-stampa-dei-consiglieri-243"],"_links":{"self":[{"href":"https:\/\/archivio.comune.potenza.it\/index.php?rest_route=\/wp\/v2\/posts\/12846"}],"collection":[{"href":"https:\/\/archivio.comune.potenza.it\/index.php?rest_route=\/wp\/v2\/posts"}],"about":[{"href":"https:\/\/archivio.comune.potenza.it\/index.php?rest_route=\/wp\/v2\/types\/post"}],"author":[{"embeddable":true,"href":"https:\/\/archivio.comune.potenza.it\/index.php?rest_route=\/wp\/v2\/users\/1"}],"replies":[{"embeddable":true,"href":"https:\/\/archivio.comune.potenza.it\/index.php?rest_route=%2Fwp%2Fv2%2Fcomments&post=12846"}],"version-history":[{"count":0,"href":"https:\/\/archivio.comune.potenza.it\/index.php?rest_route=\/wp\/v2\/posts\/12846\/revisions"}],"wp:attachment":[{"href":"https:\/\/archivio.comune.potenza.it\/index.php?rest_route=%2Fwp%2Fv2%2Fmedia&parent=12846"}],"wp:term":[{"taxonomy":"category","embeddable":true,"href":"https:\/\/archivio.comune.potenza.it\/index.php?rest_route=%2Fwp%2Fv2%2Fcategories&post=12846"},{"taxonomy":"post_tag","embeddable":true,"href":"https:\/\/archivio.comune.potenza.it\/index.php?rest_route=%2Fwp%2Fv2%2Ftags&post=12846"}],"curies":[{"name":"wp","href":"https:\/\/api.w.org\/{rel}","templated":true}]}}