{"id":12847,"date":"2015-06-13T15:01:57","date_gmt":"2015-06-13T15:01:57","guid":{"rendered":"http:\/\/archivio.comune.potenza.it\/comune_wp\/?p=12847"},"modified":"-0001-11-30T00:00:00","modified_gmt":"-0001-11-29T22:00:00","slug":"giampiero-iudicello-partito-democratico-sistema-di-smaltimento-dei-rifiuti","status":"publish","type":"post","link":"https:\/\/archivio.comune.potenza.it\/?p=12847","title":{"rendered":"Giampiero Iudicello (Partito Democratico): Sistema di smaltimento dei rifiuti"},"content":{"rendered":"<p>Dobbiamo recuperare 15 anni di ritardi nella programmazione e nella pianificazione di un sistema di smaltimento dei rifiuti che faccia uscire la Basilicata e la Citt\u00e0 di Potenza dalla situazione di arretratezza oltre che di giogo economico a cui sono sottoposte, cosi afferma il consigliere comunaledel PD Giampiero Iudicello. Il Piano regionale dei rifiuti \u00e8 fermo al 2001 e la situazione dell&#8217;impiantistica \u00e8 scadente. Si invitano le autorit\u00e0 competenti a fare quanto possibile per velocizzare il procedimento per l&#8217;avvio della stazione di trasferenza di Potenza. Al tempo stesso, aggiunge Iudicello, riteniamo necessario che si convochi al pi\u00f9 presto una conferenza di servizi in cui le istituzioni affrontino il tema fondamentale della impiantistica su base regionale. Solo una dotazione impiantistica adeguata pu\u00f2 consentire la reale efficienza di un sistema moderno di raccolta e smaltimento dei rifiuti. Senza impianti adeguati non si pu\u00f2 ottimizzare il frutto della volont\u00e0 dei cittadini e dei comuni che avviino una differenziata. Oltre a stimolare i cittadini e le amministrazioni ad avviare sistemi di raccolta differenziata, bisogna affrontare il problema in maniera strutturale senza perdere ulteriore tempo. \u00a0<\/p>\n","protected":false},"excerpt":{"rendered":"<p>Dobbiamo recuperare 15 anni di ritardi nella programmazione e nella pianificazione di un sistema di smaltimento dei rifiuti che faccia uscire la Basilicata e la &#8230; <\/p>\n","protected":false},"author":1,"featured_media":0,"comment_status":"closed","ping_status":"closed","sticky":false,"template":"single-sidebar.php","format":"standard","meta":{"footnotes":""},"categories":[384],"tags":[],"class_list":["post-12847","post","type-post","status-publish","format-standard","hentry","category-c243-comunicati-stampa-dei-consiglieri-243"],"_links":{"self":[{"href":"https:\/\/archivio.comune.potenza.it\/index.php?rest_route=\/wp\/v2\/posts\/12847"}],"collection":[{"href":"https:\/\/archivio.comune.potenza.it\/index.php?rest_route=\/wp\/v2\/posts"}],"about":[{"href":"https:\/\/archivio.comune.potenza.it\/index.php?rest_route=\/wp\/v2\/types\/post"}],"author":[{"embeddable":true,"href":"https:\/\/archivio.comune.potenza.it\/index.php?rest_route=\/wp\/v2\/users\/1"}],"replies":[{"embeddable":true,"href":"https:\/\/archivio.comune.potenza.it\/index.php?rest_route=%2Fwp%2Fv2%2Fcomments&post=12847"}],"version-history":[{"count":0,"href":"https:\/\/archivio.comune.potenza.it\/index.php?rest_route=\/wp\/v2\/posts\/12847\/revisions"}],"wp:attachment":[{"href":"https:\/\/archivio.comune.potenza.it\/index.php?rest_route=%2Fwp%2Fv2%2Fmedia&parent=12847"}],"wp:term":[{"taxonomy":"category","embeddable":true,"href":"https:\/\/archivio.comune.potenza.it\/index.php?rest_route=%2Fwp%2Fv2%2Fcategories&post=12847"},{"taxonomy":"post_tag","embeddable":true,"href":"https:\/\/archivio.comune.potenza.it\/index.php?rest_route=%2Fwp%2Fv2%2Ftags&post=12847"}],"curies":[{"name":"wp","href":"https:\/\/api.w.org\/{rel}","templated":true}]}}