{"id":12848,"date":"2015-06-13T15:03:30","date_gmt":"2015-06-13T15:03:30","guid":{"rendered":"http:\/\/archivio.comune.potenza.it\/comune_wp\/?p=12848"},"modified":"-0001-11-30T00:00:00","modified_gmt":"-0001-11-29T22:00:00","slug":"giuseppe-giuzio-fratelli-d-italia-occupazioni-abusive-a-bucaletto","status":"publish","type":"post","link":"https:\/\/archivio.comune.potenza.it\/?p=12848","title":{"rendered":"Giuseppe Giuzio (Fratelli d&#8217;Italia): Occupazioni abusive a Bucaletto"},"content":{"rendered":"<p>Arrivano da Bucaletto nuove segnalazioni di occupazioni abusive dei prefabbricati, un\u2019indecenza ormai non pi\u00f9 sopportabile.<\/p>\n<p>La situazione \u00e8 inaccettabile, le occupazioni abusive devono cessare.<\/p>\n<p>\u00c8 necessario lo sforzo congiunto tra Comune di Potenza e tutte le forze dell&#8217;ordine per la risoluzione definitiva della questione che da ormai troppi anni &#8211; complice, anche, una politica morbida in merito &#8211; impedisce che il quartiere possa respirare \u201c<em>aria di legalit\u00e0<\/em>\u201d.<\/p>\n<p>Nei prossimi giorni proporr\u00f2, nelle sedi competenti, la costituzione di un tavolo tecnico, volto all\u2019analisi e contrasto del fenomeno delle occupazioni abusive dei prefabbricati ubicati nel quartiere Bucaletto di Potenza.<\/p>\n","protected":false},"excerpt":{"rendered":"<p>Arrivano da Bucaletto nuove segnalazioni di occupazioni abusive dei prefabbricati, un\u2019indecenza ormai non pi\u00f9 sopportabile. La situazione \u00e8 inaccettabile, le occupazioni abusive devono cessare. \u00c8 &#8230; <\/p>\n","protected":false},"author":1,"featured_media":0,"comment_status":"closed","ping_status":"closed","sticky":false,"template":"single-sidebar.php","format":"standard","meta":{"footnotes":""},"categories":[384],"tags":[],"class_list":["post-12848","post","type-post","status-publish","format-standard","hentry","category-c243-comunicati-stampa-dei-consiglieri-243"],"_links":{"self":[{"href":"https:\/\/archivio.comune.potenza.it\/index.php?rest_route=\/wp\/v2\/posts\/12848"}],"collection":[{"href":"https:\/\/archivio.comune.potenza.it\/index.php?rest_route=\/wp\/v2\/posts"}],"about":[{"href":"https:\/\/archivio.comune.potenza.it\/index.php?rest_route=\/wp\/v2\/types\/post"}],"author":[{"embeddable":true,"href":"https:\/\/archivio.comune.potenza.it\/index.php?rest_route=\/wp\/v2\/users\/1"}],"replies":[{"embeddable":true,"href":"https:\/\/archivio.comune.potenza.it\/index.php?rest_route=%2Fwp%2Fv2%2Fcomments&post=12848"}],"version-history":[{"count":0,"href":"https:\/\/archivio.comune.potenza.it\/index.php?rest_route=\/wp\/v2\/posts\/12848\/revisions"}],"wp:attachment":[{"href":"https:\/\/archivio.comune.potenza.it\/index.php?rest_route=%2Fwp%2Fv2%2Fmedia&parent=12848"}],"wp:term":[{"taxonomy":"category","embeddable":true,"href":"https:\/\/archivio.comune.potenza.it\/index.php?rest_route=%2Fwp%2Fv2%2Fcategories&post=12848"},{"taxonomy":"post_tag","embeddable":true,"href":"https:\/\/archivio.comune.potenza.it\/index.php?rest_route=%2Fwp%2Fv2%2Ftags&post=12848"}],"curies":[{"name":"wp","href":"https:\/\/api.w.org\/{rel}","templated":true}]}}