{"id":12850,"date":"2015-06-13T15:06:26","date_gmt":"2015-06-13T15:06:26","guid":{"rendered":"http:\/\/archivio.comune.potenza.it\/comune_wp\/?p=12850"},"modified":"-0001-11-30T00:00:00","modified_gmt":"-0001-11-29T22:00:00","slug":"gianpaolo-carretta-partito-democratico-mense-scolastiche","status":"publish","type":"post","link":"https:\/\/archivio.comune.potenza.it\/?p=12850","title":{"rendered":"Gianpaolo Carretta (Partito Democratico): Mense scolastiche"},"content":{"rendered":"<p>Dopo il comunicato stampa con il quale il sindaco e l&#8217;assessore alla pubblica istruzione hanno annunciato l&#8217;apertura delle mense scolastiche solo ormai nel mese di novembre prendiamo atto che permane lo stato di estrema confusione amministrativa in un settore strategico come quello della pubblica istruzione. Infatti non si chiarisce sino a quando il servizio sar\u00e0 garantito continuando a disorientare famiglie e alunni e a perseverare nel non convocare la Consulta cittadina sulla scuola che \u00e8 organo istituzionalmente preposto ad un confronto ampio tra assessorato, dirigenti scolastici, consiglio comunale, famiglie, con un fare arrogante proprio di una cultura di estrema destra di cui \u00e8 impregnata gran parte di questa giunta comunale che sta immobilizzando la citt\u00e0. Ci si trincera dietro le note difficolt\u00e0 economiche ultra ventennali che la regione Basilicata con un oggettivo approccio di alto profilo istituzionale strategico si sta ripiegando a risolvere guardando al bene comune e riconoscendo il ruolo del capoluogo di regione quale erogatore di servizi all&#8217;intera comunit\u00e0 regionale. Il Sindaco dopo aver revocato l&#8217;assessore al bilancio prenda atto che analoga decisione va assunta in un settore strategico come quello della pubblica istruzione senza farsi condizionare da logiche di appartenenza e guardando agli interessi della citt\u00e0.<\/p>\n","protected":false},"excerpt":{"rendered":"<p>Dopo il comunicato stampa con il quale il sindaco e l&#8217;assessore alla pubblica istruzione hanno annunciato l&#8217;apertura delle mense scolastiche solo ormai nel mese di &#8230; <\/p>\n","protected":false},"author":1,"featured_media":0,"comment_status":"closed","ping_status":"closed","sticky":false,"template":"single-sidebar.php","format":"standard","meta":{"footnotes":""},"categories":[384],"tags":[],"class_list":["post-12850","post","type-post","status-publish","format-standard","hentry","category-c243-comunicati-stampa-dei-consiglieri-243"],"_links":{"self":[{"href":"https:\/\/archivio.comune.potenza.it\/index.php?rest_route=\/wp\/v2\/posts\/12850"}],"collection":[{"href":"https:\/\/archivio.comune.potenza.it\/index.php?rest_route=\/wp\/v2\/posts"}],"about":[{"href":"https:\/\/archivio.comune.potenza.it\/index.php?rest_route=\/wp\/v2\/types\/post"}],"author":[{"embeddable":true,"href":"https:\/\/archivio.comune.potenza.it\/index.php?rest_route=\/wp\/v2\/users\/1"}],"replies":[{"embeddable":true,"href":"https:\/\/archivio.comune.potenza.it\/index.php?rest_route=%2Fwp%2Fv2%2Fcomments&post=12850"}],"version-history":[{"count":0,"href":"https:\/\/archivio.comune.potenza.it\/index.php?rest_route=\/wp\/v2\/posts\/12850\/revisions"}],"wp:attachment":[{"href":"https:\/\/archivio.comune.potenza.it\/index.php?rest_route=%2Fwp%2Fv2%2Fmedia&parent=12850"}],"wp:term":[{"taxonomy":"category","embeddable":true,"href":"https:\/\/archivio.comune.potenza.it\/index.php?rest_route=%2Fwp%2Fv2%2Fcategories&post=12850"},{"taxonomy":"post_tag","embeddable":true,"href":"https:\/\/archivio.comune.potenza.it\/index.php?rest_route=%2Fwp%2Fv2%2Ftags&post=12850"}],"curies":[{"name":"wp","href":"https:\/\/api.w.org\/{rel}","templated":true}]}}