{"id":12852,"date":"2015-06-13T15:09:55","date_gmt":"2015-06-13T15:09:55","guid":{"rendered":"http:\/\/archivio.comune.potenza.it\/comune_wp\/?p=12852"},"modified":"-0001-11-30T00:00:00","modified_gmt":"-0001-11-29T22:00:00","slug":"antonio-vigilante-lista-civica-per-la-citta-servizio-mensa-scolastica","status":"publish","type":"post","link":"https:\/\/archivio.comune.potenza.it\/?p=12852","title":{"rendered":"Antonio Vigilante (Lista Civica per la Citt\u00e0): Servizio mensa scolastica"},"content":{"rendered":"<p>Mio malgrado mi trovo a dover commentare l\u2019ennesimo \u2018Coup de th\u00e9\u00e2tre\u2019 del camaleontico, smemorato e anche un po\u2019 triste consigliere Carretta. Isolato dentro e fuori il suo partito prosegue in questa sua battaglia, francamente di ardua lettura, tranne che per psicologi di comprovata fama. Pu\u00f2 un amministratore di un Comune capoluogo di regione scrivere che c\u2019\u00e8 confusione amministrativa in un momento nel quale i suoi colleghi, evidentemente non lui, non possono che fare i conti con una realt\u00e0 economico-finanziaria drammatica? Pu\u00f2 un amministratore affermare che una \u2018Consulta\u2019 (gi\u00e0 solo per il significato della parola basterebbe un qualsiasi vocabolario) non \u00e8 stata adeguatamente interpellata per prendere una decisione che lui stesso definisce essere stata assunta in un settore strategico e che, dunque, aveva il carattere dell\u2019urgenza? Pu\u00f2 un amministratore chiedersi come mai non \u00e8 indicato fino a quando il servizio mensa sar\u00e0 assicurato, se non sa se la prossima settimana sar\u00e0 ancora in carica o, se per il dissesto, ripeto drammatico per tutta la citt\u00e0, sar\u00e0 costretto a tornare esclusivamente alle sue attivit\u00e0 di privato cittadino? Pu\u00f2 affermare che \u2018gran parte di questa giunta \u00e8 impregnata di un\u2019arrogante cultura di estrema destra che sta immobilizzando la citt\u00e0,\u2019 rappresentando un partito che in Regione sostiene che non consentir\u00e0 di violare ulteriormente il suo territorio e al Parlamento vota lo Sblocca Italia? Pu\u00f2 affermare che la Regione si sta ripiegando, \u2018con un oggettivo approccio di alto profilo istituzionale\u2019, per riconoscere al Comune capoluogo il ruolo di erogatore di servizi regionali, quando Pittella fa trapelare che dar\u00e0 5 milioni di euro, poi che ne dar\u00e0 50 in dieci anni, poi che istituisce un tavolo tecnico e che poi si accorge che il Ministero non dar\u00e0 il placet al mutuo prospettato? Pu\u00f2 infine proporre una revoca dell\u2019assessore all\u2019Istruzione, quando gli assessori da lui sostenuti nella precedente consiliatura, pur continuando ad asserire che \u2018le difficolt\u00e0 economiche sono ultraventennali\u2019 e non decennali, hanno reso le casse del Comune cos\u00ec floride, hanno quasi venduto il Tribunale (novella Fontana di Trevi di Tot\u00f2), hanno raddoppiato i costi sostenuti dai cittadini per mantenere in piedi due contratti capestro con Cotrab e Acta, contratti che hanno definitivamente affondato le casse comunali? Pu\u00f2 fare tutto questo, se l\u2019ha fatto evidentemente s\u00ec, solo per\u00f2 a patto che si chiami consigliere Carretta.<\/p>\n","protected":false},"excerpt":{"rendered":"<p>Mio malgrado mi trovo a dover commentare l\u2019ennesimo \u2018Coup de th\u00e9\u00e2tre\u2019 del camaleontico, smemorato e anche un po\u2019 triste consigliere Carretta. Isolato dentro e fuori &#8230; <\/p>\n","protected":false},"author":1,"featured_media":0,"comment_status":"closed","ping_status":"closed","sticky":false,"template":"single-sidebar.php","format":"standard","meta":{"footnotes":""},"categories":[384],"tags":[],"class_list":["post-12852","post","type-post","status-publish","format-standard","hentry","category-c243-comunicati-stampa-dei-consiglieri-243"],"_links":{"self":[{"href":"https:\/\/archivio.comune.potenza.it\/index.php?rest_route=\/wp\/v2\/posts\/12852"}],"collection":[{"href":"https:\/\/archivio.comune.potenza.it\/index.php?rest_route=\/wp\/v2\/posts"}],"about":[{"href":"https:\/\/archivio.comune.potenza.it\/index.php?rest_route=\/wp\/v2\/types\/post"}],"author":[{"embeddable":true,"href":"https:\/\/archivio.comune.potenza.it\/index.php?rest_route=\/wp\/v2\/users\/1"}],"replies":[{"embeddable":true,"href":"https:\/\/archivio.comune.potenza.it\/index.php?rest_route=%2Fwp%2Fv2%2Fcomments&post=12852"}],"version-history":[{"count":0,"href":"https:\/\/archivio.comune.potenza.it\/index.php?rest_route=\/wp\/v2\/posts\/12852\/revisions"}],"wp:attachment":[{"href":"https:\/\/archivio.comune.potenza.it\/index.php?rest_route=%2Fwp%2Fv2%2Fmedia&parent=12852"}],"wp:term":[{"taxonomy":"category","embeddable":true,"href":"https:\/\/archivio.comune.potenza.it\/index.php?rest_route=%2Fwp%2Fv2%2Fcategories&post=12852"},{"taxonomy":"post_tag","embeddable":true,"href":"https:\/\/archivio.comune.potenza.it\/index.php?rest_route=%2Fwp%2Fv2%2Ftags&post=12852"}],"curies":[{"name":"wp","href":"https:\/\/api.w.org\/{rel}","templated":true}]}}