{"id":12855,"date":"2015-06-13T15:14:11","date_gmt":"2015-06-13T15:14:11","guid":{"rendered":"http:\/\/archivio.comune.potenza.it\/comune_wp\/?p=12855"},"modified":"-0001-11-30T00:00:00","modified_gmt":"-0001-11-29T22:00:00","slug":"gianpaolo-carretta-partito-democratico-fondi-u-e","status":"publish","type":"post","link":"https:\/\/archivio.comune.potenza.it\/?p=12855","title":{"rendered":"Gianpaolo Carretta (Partito Democratico): Fondi U.E."},"content":{"rendered":"<p style=\"text-align: justify;\">E\u2019 oggettivamente preoccupante il modo di agire di questa Amministrazione Comunale. Da un lato, il Sindaco, consapevole della propria inesperienza amministrativa e di non avere una maggioranza politica in Consiglio comunale, annuncia e professa partecipazione e condivisione delle scelte, dall\u2019altro assume decisioni in maniera preliminare ed unilaterale, per poi farle condividere. E\u2019 questo il caso dei fondi UE, per circa 26 milioni di euro, ottenuti dall\u2019Amministrazione uscente di centro-sinistra, in relazione a progetti che avevano l\u2019ambizione, attraverso la strategia denominata \u201cPotenza 2020\u201d, di assicurare alla citt\u00e0 parte del suo completamento infrastrutturale, nonch\u00e9 azioni di sviluppo socio-economico. L\u2019Amministrazione comunale ha autonomamente, con una propria bozza, proposto dei cambiamenti per poi condividerli successivamente con la Commissione preposta e con i consiglieri comunali, mettendo in essere per l\u2019appunto una metodologia di partecipazione sbagliata, con proposte che riteniamo estemporanee, non di largo respiro e frutto di una visione non chiara, che rischia di assicurare qualche contentino qui e l\u00ec, ma non un progetto organico di rimodulazione. La terza Commissione Consiliare ha messo in essere un lavoro di confronto importante nel rispetto delle tempistiche regionali, ma necessita un confronto pi\u00f9 ampio con la citt\u00e0, con i comitati di quartiere, anche tramite un referendum popolare, per capire cosa la citt\u00e0 si aspetta da questi 26 milioni di euro, prima che il provvedimento venga licenziato dal Consiglio comunale; \u00e8 impensabile cassare la realizzazione del polo scolastico di Macchia Romana, che \u00e8 un quartiere in espansione, tenuto conto anche del sovraffolamento scolastico degli istituti di Via Lazio e Via Perugia e delle problematiche di viabilit\u00e0 e mobilit\u00e0 collegate . Non si presta una attenzione articolata e definita alla questione del Centro storico, che merita cos\u00ec come programmato dall\u2019Amministrazione precedente, oltre\u00a0 al finanziamento per il rifacimento di tutti i vicoli ed i relativi marciapiedi, la riqualificazione di Piazza del Sedile, di \u201cPalazzo Palermo\u201d, del completamento di \u201cPalazzo D\u2019 Errico, della risoluzione, d\u2019intesa con i privati, della questione Cinema Ariston. Non registriamo alcuna attenzione alle questioni, inerenti la viabilit\u00e0 rurale. Potenza ha notoriamente un territorio vasto ed articolato, per tutte le sue numerose contrade, che meritano un\u2019attenzione particolare, per quanto attiene al rifacimento di tutte le strade principali e della loro messa in sicurezza. Da ultimo, per ci\u00f2 che riguarda l\u2019impiantistica sportiva non si \u00e8 immaginato la realizzazione di una nuova piscina, che possa servire l\u2019intera citt\u00e0 capoluogo di Regione, in un contesto di viabilit\u00e0 e mobilit\u00e0 adeguato e moderno, rispettoso delle nuove esigenze della citt\u00e0. E\u2019 chiaro ed evidente che la partecipazione e la condivisione non si possono declamare, ma si devono praticare. Occorre dare inizio ad una vera azione democratica di partecipazione popolare, attraverso lo strumento dei comitati di quartiere e di quelli spontanei, per sapere cosa la citt\u00e0 si aspetta da questo investimento. Noi porteremo avanti un\u2019azione fuori e dentro il Consiglio comunale contro le proposte che non sono in linea con la strategia di reale completamento infrastrutturale e di sviluppo socio economico del capoluogo di Regione, sulla scia di quanto gi\u00e0 tracciato da noi con\u201cPotenza 2020\u201d, dopo esser stati in grado di reperire tutte queste risorse e metterle a disposizione della comunit\u00e0. Al di l\u00e0 delle problematiche economiche, in cui versa il Comune, anche per quanto riguarda l\u2019ordinaria amministrazione o la programmazione dei fondi comunitari, registriamo un pericoloso immobilismo o una scarsa visione strategica che sta penalizzando Potenza.\u00a0<\/p>\n","protected":false},"excerpt":{"rendered":"<p>E\u2019 oggettivamente preoccupante il modo di agire di questa Amministrazione Comunale. Da un lato, il Sindaco, consapevole della propria inesperienza amministrativa e di non avere &#8230; <\/p>\n","protected":false},"author":1,"featured_media":0,"comment_status":"closed","ping_status":"closed","sticky":false,"template":"single-sidebar.php","format":"standard","meta":{"footnotes":""},"categories":[384],"tags":[],"class_list":["post-12855","post","type-post","status-publish","format-standard","hentry","category-c243-comunicati-stampa-dei-consiglieri-243"],"_links":{"self":[{"href":"https:\/\/archivio.comune.potenza.it\/index.php?rest_route=\/wp\/v2\/posts\/12855"}],"collection":[{"href":"https:\/\/archivio.comune.potenza.it\/index.php?rest_route=\/wp\/v2\/posts"}],"about":[{"href":"https:\/\/archivio.comune.potenza.it\/index.php?rest_route=\/wp\/v2\/types\/post"}],"author":[{"embeddable":true,"href":"https:\/\/archivio.comune.potenza.it\/index.php?rest_route=\/wp\/v2\/users\/1"}],"replies":[{"embeddable":true,"href":"https:\/\/archivio.comune.potenza.it\/index.php?rest_route=%2Fwp%2Fv2%2Fcomments&post=12855"}],"version-history":[{"count":0,"href":"https:\/\/archivio.comune.potenza.it\/index.php?rest_route=\/wp\/v2\/posts\/12855\/revisions"}],"wp:attachment":[{"href":"https:\/\/archivio.comune.potenza.it\/index.php?rest_route=%2Fwp%2Fv2%2Fmedia&parent=12855"}],"wp:term":[{"taxonomy":"category","embeddable":true,"href":"https:\/\/archivio.comune.potenza.it\/index.php?rest_route=%2Fwp%2Fv2%2Fcategories&post=12855"},{"taxonomy":"post_tag","embeddable":true,"href":"https:\/\/archivio.comune.potenza.it\/index.php?rest_route=%2Fwp%2Fv2%2Ftags&post=12855"}],"curies":[{"name":"wp","href":"https:\/\/api.w.org\/{rel}","templated":true}]}}