{"id":12857,"date":"2015-06-13T15:18:27","date_gmt":"2015-06-13T15:18:27","guid":{"rendered":"http:\/\/archivio.comune.potenza.it\/comune_wp\/?p=12857"},"modified":"-0001-11-30T00:00:00","modified_gmt":"-0001-11-29T22:00:00","slug":"gianpaolo-carretta-partito-democratico-dissesto-voluto","status":"publish","type":"post","link":"https:\/\/archivio.comune.potenza.it\/?p=12857","title":{"rendered":"Gianpaolo Carretta (Partito Democratico): Dissesto voluto"},"content":{"rendered":"<p>\u00c8 ormai chiaro che il sindaco di Potenza De Luca vuole trascinare il Comune al dissesto: fatti e non parole o opinioni. Il percorso \u00e8 iniziato revocando l&#8217;assessore al bilancio Martoccia presentata come esperta nazionale di finanza ed economia degli enti locali e poi revocata quando voleva mettere in atto un percorso di riequilibrio pluriennale per gestire il disavanzo del Comune che, ribadiamo, non \u00e8 assolutamente gravato da problemi di debito fuori bilancio.<\/p>\n<p>Ha poi proseguito creando una unit\u00e0 di progetto alternativa alla UD bilancio provocando un conflitto tra organi e una sovrapposizione di funzioni, che ha creato una oggettiva confusione nei numeri, con cifre e percorsi differenti. Per perseguire questa strategia, con un comportamento altamente censurabile sotto il profilo istituzionale, si \u00e8 messo in discussione \u00a0l\u2019Ufficio bilancio, senza poi revocarne il dirigente, nonostante si fosse affermato che era venuto meno il rapporto di fiducia tra l&#8217;organo amministrativo e quello dirigenziale; quindi a confusione altra confusione.<\/p>\n<p>Da ultimo nonostante il dirigente dell\u2019UD Bilancio avesse sollecitato al Sindaco la richiesta di inoltrare un motivato parere al Ministero degli Interni per sapere se i crediti derivanti dalle sentenze passate in giudicato potessero essere inserite nel bilancio previsionale, al fine di contenere il disavanzo, tale operazione non \u00e8 stata compiuta ed addirittura ritenuta inutile. Ma ad oggi \u00a0ancora non si \u00e8 riferito se questi crediti certi, sono stati recuperati dall\u2019Amministrazione comunale.<\/p>\n<p>Registriamo esclusivamente una lucida strategia che vuole portare il Comune al dissesto pur di continuare a governare nonostante tutto e di essere abbarbicati ad una inutile poltrona che potr\u00e0 gestire male solo l&#8217;ordinaria amministrazione data la distanza politica che c\u2019\u00e8 tra la Giunta di destra e la maggioranza consiliare di centro sinistra.<\/p>\n<p>Ci stanno conducendo ad una disastrosa meta che \u00e8 quella del dissesto, che porter\u00e0 i fornitori e gli operatori economici della citt\u00e0 a dover rinunciare inevitabilmente a parte dei loro crediti, a contrarre un nuovo mutuo con la cassa depositi e prestiti, per gestire il disavanzo, dimostrando di essere incapaci di governare le emergenze della citt\u00e0 e anche l&#8217;ordinaria amministrazione. Siamo di fronte ad una citt\u00e0 immobile e quel poco che \u00e8 stato fatto sia in relazione al ciclo dei rifiuti, che \u00a0alla programmazione dei fondi europei, sono tutte procedure e poste economiche ottenute e programmate dall\u2019amministrazione uscente di centro sinistra.<\/p>\n<p>Quel centro sinistra che ha sempre fatto fronte con tante iniziative politiche ed economico finanziarie a scongiurare il dissesto ed i problemi finanziari ad esso collegati. Oggi la strategia \u00e8 cambiata, invece di ripiegarsi nel trovare soluzioni ci si adagia su situazioni di comodo: meglio il dissesto che cimentarsi nel duro e faticoso lavoro quotidiano dell\u2019amministrare tra tante difficolt\u00e0 a servizio della propria comunit\u00e0.<\/p>\n<p>Noi siamo contro questa idea della gestione della cosa pubblica, finalizzata alla gestione del potere per il potere, senza avere la possibilit\u00e0 di ideare e programmare. L\u2019obiettivo politico perseguito dalla amministrazione ci \u00e8 ormai chiaro: quello di azzerare il disavanzo 2014 con il dissesto, per poi chiedere solo questue politico amministrative alla Regione nei settori dei servizi per governare \u00a0la sola ordinariet\u00e0. Non \u00e8 questo l\u2019obiettivo di prospettiva che Potenza merita. La Regione ne deve riconoscere il ruolo strategico di Citt\u00e0 erogatrice di servizi all\u2019intera comunit\u00e0 lucana, senza alimentare contrapposizioni con gli altri Comuni.<\/p>\n<p>Serve pertanto una legge con una posta economica strutturale e non regalie fine a se stesse al di fuori di una logica amministrativa.<\/p>\n<p>Noi siamo decisamente contro il dissesto, contro lo scioglimento anticipato della consiliatura e per gestire una fase difficile con le nuove generazioni, che sono dentro e fuori il Consiglio Comunale.<\/p>\n<p>E\u2019 giunto il momento che il partito democratico che \u00e8 forza di maggioranza relativa in consiglio comunale, si faccia carico di indicare un percorso progettuale ed amministrativo per la citt\u00e0, prima di raccogliere le sole macerie di questo momento storico.<\/p>\n<p style=\"text-align: justify;\">Occorre convocare ad oras il congresso cittadino che da un lato deve legittimare l\u2019autonomia e la rappresentativit\u00e0 della classe dirigente, chiamata a governare il partito, e dall\u2019altro aprire un confronto ampio e democratico sul progetto e sulla linea\u00a0 politica e tutto ci\u00f2 non merita pi\u00f9 attendismi di sorta, ma un momento di confronto importante per la comunit\u00e0, per Potenza.\u00a0\u00a0<\/p>\n","protected":false},"excerpt":{"rendered":"<p>\u00c8 ormai chiaro che il sindaco di Potenza De Luca vuole trascinare il Comune al dissesto: fatti e non parole o opinioni. Il percorso \u00e8 &#8230; <\/p>\n","protected":false},"author":1,"featured_media":0,"comment_status":"closed","ping_status":"closed","sticky":false,"template":"single-sidebar.php","format":"standard","meta":{"footnotes":""},"categories":[384],"tags":[],"class_list":["post-12857","post","type-post","status-publish","format-standard","hentry","category-c243-comunicati-stampa-dei-consiglieri-243"],"_links":{"self":[{"href":"https:\/\/archivio.comune.potenza.it\/index.php?rest_route=\/wp\/v2\/posts\/12857"}],"collection":[{"href":"https:\/\/archivio.comune.potenza.it\/index.php?rest_route=\/wp\/v2\/posts"}],"about":[{"href":"https:\/\/archivio.comune.potenza.it\/index.php?rest_route=\/wp\/v2\/types\/post"}],"author":[{"embeddable":true,"href":"https:\/\/archivio.comune.potenza.it\/index.php?rest_route=\/wp\/v2\/users\/1"}],"replies":[{"embeddable":true,"href":"https:\/\/archivio.comune.potenza.it\/index.php?rest_route=%2Fwp%2Fv2%2Fcomments&post=12857"}],"version-history":[{"count":0,"href":"https:\/\/archivio.comune.potenza.it\/index.php?rest_route=\/wp\/v2\/posts\/12857\/revisions"}],"wp:attachment":[{"href":"https:\/\/archivio.comune.potenza.it\/index.php?rest_route=%2Fwp%2Fv2%2Fmedia&parent=12857"}],"wp:term":[{"taxonomy":"category","embeddable":true,"href":"https:\/\/archivio.comune.potenza.it\/index.php?rest_route=%2Fwp%2Fv2%2Fcategories&post=12857"},{"taxonomy":"post_tag","embeddable":true,"href":"https:\/\/archivio.comune.potenza.it\/index.php?rest_route=%2Fwp%2Fv2%2Ftags&post=12857"}],"curies":[{"name":"wp","href":"https:\/\/api.w.org\/{rel}","templated":true}]}}