{"id":12858,"date":"2015-06-13T15:19:55","date_gmt":"2015-06-13T15:19:55","guid":{"rendered":"http:\/\/archivio.comune.potenza.it\/comune_wp\/?p=12858"},"modified":"-0001-11-30T00:00:00","modified_gmt":"-0001-11-29T22:00:00","slug":"alessandro-galella-giuseppe-giuzio-fdi-an-franco-morlino-popolari-per-l-italia-antonio-vigilante-lista-civica-per-la-citta-le-beghe-interne-al-pd","status":"publish","type":"post","link":"https:\/\/archivio.comune.potenza.it\/?p=12858","title":{"rendered":"Alessandro Galella, Giuseppe Giuzio (FDI-AN), Franco Morlino (Popolari per l&#8217;Italia), Antonio Vigilante (Lista Civica per la citt\u00e0): Le beghe interne al PD"},"content":{"rendered":"<p style=\"text-align: justify;\">Le beghe interne al PD non possono ledere il duro lavoro trasversale che si sta cercando di fare per dare un nuovo slancio alla citt\u00e0.<\/p>\n<p>Per qualche esponente del PD, fortunatamente pochi e soprattutto di vecchio stampo, nonch\u00e9 artefici della crisi in cui versa Potenza, l&#8217;unico responsabile del disseto &#8211; che sar\u00e0 discusso e probabilmente dichiarato nel consiglio comunale convocato per il 20 novembre p.v. &#8211; \u00e9 il Sindaco Dario De Luca che non avrebbe fatto di tutto per evitarlo.<br \/>Parole al vento per avere un minimo di visibilit\u00e0, anche, interna al proprio partito, alle spalle di chi trasversalmente lavora per dare trasparenza e continuit\u00e0 all\u2019azione amministrativa.<br \/>Fratelli D&#8217;Italia, Popolari per l&#8217;Italia e Lista Civica per la Citt\u00e0 hanno creduto e continuano a credere che l&#8217;unico in grado di poter salvare il capoluogo \u00e8 proprio l&#8217;attuale Sindaco, il quale ha il merito di aver scoperchiato la pentola ed evidenziato incapacit\u00e0 e sprechi, come ha avuto modo di dire il 30 ottobre u.s. anche il Procuratore della Repubblica presso la Corte dei Conti.<br \/>Ora si cerca di &#8220;rivoltare la frittata&#8221;, volendo far ricadere le responsabilit\u00e0 su chi, da pochi mesi, ha deciso di mettere nero su bianco.<br \/>Chi vede fantasmi ovunque propone, tra l&#8217;altro, soluzioni inverosimili e, pur di fronte ai pareri negativi della &#8220;Task Force&#8221;, del Commissario ad Acta, dell&#8217;U.D. bilancio (seppur con numeri leggermente diversi) ed, infine, dei Revisori dei Conti, continua a mistificare la realt\u00e0 scrivendo che Potenza non ha una situazione debitoria tale da richiederne il dissesto.<br \/>Addirittura, si insiste sull&#8217;inserimento in bilancio di voci che mancano di certezza, liquidit\u00e0 ed esigibilit\u00e0, requisiti indispensabili per poter lecitamente comparire tra le poste attive.<br \/>L&#8217;esempio classico \u00e8 quello della sentenza &#8220;Macchia Giocoli&#8221;: \u00e8 stato evidenziato, dal Commissario Prefettizio e dai revisori (organismi indipendenti e non certo al \u201csoldo\u201d del Sindaco), che da detta sentenza non promana un credito che possa trovare accoglimento nel previsionale, poich\u00e9 carente dei requisiti di cui al capoverso precedente.<br \/>Ma vi \u00e8 di pi\u00f9.<br \/>Ammesso e non concesso che il deliberato della sentenza sopra richiamata desse vita ad un credito iscrivibile in bilancio, comunque lo stesso non potrebbe essere utilizzato (per ragioni tecnico\/contabili) per ripianare i debiti correnti essendo poste da impuntare al patrimonio.<br \/>Di questa gestione allegra delle finanze pubbliche, la nostra citt\u00e0 ne ha gi\u00e0 visto e subito le conseguenze.<br \/>Le hanno viste gli elettori, i revisori e anche il Prefetto. Gli unici che non vedono mai nulla sono coloro che tentano di salvare la propria personale posizione a discapito della collettivit\u00e0.<br \/>E\u2019 essenziale, se si vuole proseguire in un ottica costruttiva, isolare chi oggi si pone al di fuori di logiche &#8220;collaborative&#8221;.<br \/>Il dissesto c&#8217;\u00e8 ed \u00e9 un dato inconfutabile: 66 milioni di euro di debito nel triennio 2014-2016 ne sono la dimostrazione.<br \/>A prescindere dalle illazioni, De Luca persona serissima &#8211; Sindaco scelto dal centro destra e poi al ballottaggio adottato da tutta la citt\u00e0 &#8211; in nessun caso vorrebbe bere &#8220;l&#8217;amaro calice&#8221; del dissesto e sicuramente non far\u00e0, come qualcuno crede, il salto della barricata.<br \/>Certo \u00e8 necessario condividere un programma comune per la citt\u00e0 ma lo si dovr\u00e0 fare con coloro che realmente credono nella svolta.<br \/>E quella parte del Consiglio che oggi sgomita e si lamenta perch\u00e9 sola ed inascoltata, ma che prima silenziosa assecondava spese non sostenibili, deve rassegnarsi a guardare la partita dalle retrovie con tanto di cenere sulla testa per quanto ha fatto fino ad oggi alla nostra citt\u00e0 portandola al collasso.<br \/>Ci sono delle regole e su queste regole va costruito il futuro di Potenza.<\/p>\n","protected":false},"excerpt":{"rendered":"<p>Le beghe interne al PD non possono ledere il duro lavoro trasversale che si sta cercando di fare per dare un nuovo slancio alla citt\u00e0. &#8230; <\/p>\n","protected":false},"author":1,"featured_media":0,"comment_status":"closed","ping_status":"closed","sticky":false,"template":"single-sidebar.php","format":"standard","meta":{"footnotes":""},"categories":[384],"tags":[],"class_list":["post-12858","post","type-post","status-publish","format-standard","hentry","category-c243-comunicati-stampa-dei-consiglieri-243"],"_links":{"self":[{"href":"https:\/\/archivio.comune.potenza.it\/index.php?rest_route=\/wp\/v2\/posts\/12858"}],"collection":[{"href":"https:\/\/archivio.comune.potenza.it\/index.php?rest_route=\/wp\/v2\/posts"}],"about":[{"href":"https:\/\/archivio.comune.potenza.it\/index.php?rest_route=\/wp\/v2\/types\/post"}],"author":[{"embeddable":true,"href":"https:\/\/archivio.comune.potenza.it\/index.php?rest_route=\/wp\/v2\/users\/1"}],"replies":[{"embeddable":true,"href":"https:\/\/archivio.comune.potenza.it\/index.php?rest_route=%2Fwp%2Fv2%2Fcomments&post=12858"}],"version-history":[{"count":0,"href":"https:\/\/archivio.comune.potenza.it\/index.php?rest_route=\/wp\/v2\/posts\/12858\/revisions"}],"wp:attachment":[{"href":"https:\/\/archivio.comune.potenza.it\/index.php?rest_route=%2Fwp%2Fv2%2Fmedia&parent=12858"}],"wp:term":[{"taxonomy":"category","embeddable":true,"href":"https:\/\/archivio.comune.potenza.it\/index.php?rest_route=%2Fwp%2Fv2%2Fcategories&post=12858"},{"taxonomy":"post_tag","embeddable":true,"href":"https:\/\/archivio.comune.potenza.it\/index.php?rest_route=%2Fwp%2Fv2%2Ftags&post=12858"}],"curies":[{"name":"wp","href":"https:\/\/api.w.org\/{rel}","templated":true}]}}