{"id":12859,"date":"2015-06-13T15:22:05","date_gmt":"2015-06-13T15:22:05","guid":{"rendered":"http:\/\/archivio.comune.potenza.it\/comune_wp\/?p=12859"},"modified":"-0001-11-30T00:00:00","modified_gmt":"-0001-11-29T22:00:00","slug":"giuseppe-giuzio-fratelli-d-italia-aree-rurali-e-rete-idrica","status":"publish","type":"post","link":"https:\/\/archivio.comune.potenza.it\/?p=12859","title":{"rendered":"Giuseppe Giuzio (Fratelli d&#8217;Italia): Aree rurali e rete idrica"},"content":{"rendered":"<p>Oggi si \u00e8 dimostrato come questa amministrazione guidata da Dario De Luca ha cuore tutta la citt\u00e0 e non dimentica affatto le zone rurali, infatti \u00e8 stato approvato in consiglio comunale l\u2019accordo di programma quadro tutela della gestione integrata delle risorse idriche. Completamento della rete idrica della citt\u00e0 e zone rurali. Procedimento finalizzato all\u2019apposizione del vincolo preordinato all\u2019esproprio.<\/p>\n<p>Il provvedimento interesser\u00e0 le contrade Tempa dell\u2019Inferno, Cozzale, Caira, Pallareta, Montegrosso, Masseria Casone, Masseria Evangelisti, Poggio Cavallo, Pian Cardillo, Bosco Grande, Botte e Cerreta.<\/p>\n<p>Molte aree che fino a ieri avevano in determinati periodi dell\u2019anno difficolt\u00e0 di approvvigionamento di acqua potabile con detto provvedimento, di completamento della rete idrica vedranno superato un disagio che per troppo tempo non \u00e8 stato attenzionato.<\/p>\n<p style=\"text-align: justify;\">Acquedotto Lucano provveder\u00e0, si auspica con tempi strettissimi, all\u2019esecuzione delle opere necessarie per la realizzazione della rete.<\/p>\n","protected":false},"excerpt":{"rendered":"<p>Oggi si \u00e8 dimostrato come questa amministrazione guidata da Dario De Luca ha cuore tutta la citt\u00e0 e non dimentica affatto le zone rurali, infatti &#8230; <\/p>\n","protected":false},"author":1,"featured_media":0,"comment_status":"closed","ping_status":"closed","sticky":false,"template":"single-sidebar.php","format":"standard","meta":{"footnotes":""},"categories":[384],"tags":[],"class_list":["post-12859","post","type-post","status-publish","format-standard","hentry","category-c243-comunicati-stampa-dei-consiglieri-243"],"_links":{"self":[{"href":"https:\/\/archivio.comune.potenza.it\/index.php?rest_route=\/wp\/v2\/posts\/12859"}],"collection":[{"href":"https:\/\/archivio.comune.potenza.it\/index.php?rest_route=\/wp\/v2\/posts"}],"about":[{"href":"https:\/\/archivio.comune.potenza.it\/index.php?rest_route=\/wp\/v2\/types\/post"}],"author":[{"embeddable":true,"href":"https:\/\/archivio.comune.potenza.it\/index.php?rest_route=\/wp\/v2\/users\/1"}],"replies":[{"embeddable":true,"href":"https:\/\/archivio.comune.potenza.it\/index.php?rest_route=%2Fwp%2Fv2%2Fcomments&post=12859"}],"version-history":[{"count":0,"href":"https:\/\/archivio.comune.potenza.it\/index.php?rest_route=\/wp\/v2\/posts\/12859\/revisions"}],"wp:attachment":[{"href":"https:\/\/archivio.comune.potenza.it\/index.php?rest_route=%2Fwp%2Fv2%2Fmedia&parent=12859"}],"wp:term":[{"taxonomy":"category","embeddable":true,"href":"https:\/\/archivio.comune.potenza.it\/index.php?rest_route=%2Fwp%2Fv2%2Fcategories&post=12859"},{"taxonomy":"post_tag","embeddable":true,"href":"https:\/\/archivio.comune.potenza.it\/index.php?rest_route=%2Fwp%2Fv2%2Ftags&post=12859"}],"curies":[{"name":"wp","href":"https:\/\/api.w.org\/{rel}","templated":true}]}}