{"id":12861,"date":"2015-06-13T15:24:37","date_gmt":"2015-06-13T15:24:37","guid":{"rendered":"http:\/\/archivio.comune.potenza.it\/comune_wp\/?p=12861"},"modified":"-0001-11-30T00:00:00","modified_gmt":"-0001-11-29T22:00:00","slug":"gianpaolo-carretta-partito-democratico-consiglio-comunale-del-17-novembre-2014","status":"publish","type":"post","link":"https:\/\/archivio.comune.potenza.it\/?p=12861","title":{"rendered":"Gianpaolo Carretta (Partito Democratico): Consiglio Comunale del 17 novembre 2014"},"content":{"rendered":"<p>Il consiglio comunale di ieri rappresenta una pagina importante per la sua vita istituzionale e politica. Si \u00e8 fatta finalmente chiarezza sua una serie di questioni rimaste inevase e su tanti \u00a0equivoci ai quali si sta dando risposta in modo diretto ed indiretto, lungo il percorso che ci sta inopinatamente conducendo ad un Consiglio comunale convocato gi\u00e0 per il giorno 20 novembre, con all&#8217;ordine del giorno la dichiarazione di dissesto, quando invece il termine ultimo per esprimersi \u00e8 prudenzialmente solo quello del 25 novembre, dimostrando un\u2019ansia procedurale e politica di chi ha in mente di aprire una pagina nuova, non attraverso un confronto politico amministrativo e progettuale, ma attraverso l\u2019approvazione di un provvedimento come quello del dissesto, che ogni Consiglio Comunale d\u2019Italia dovrebbe cercare di non approvare mai, per il bene della Comunit\u00e0 che amministra, mettendo in campo idee, soluzioni e sfruttando anche gli ultimi momenti utili per evitarlo. Il Partito Democratico ed il centrosinistra ancora una volta guardando esclusivamente al bene comune e a quello della citt\u00e0 di Potenza, hanno approvato un provvedimento strategico per la comunit\u00e0 come quello riguardante l\u2019investimento per circa 26 milioni di euro, riveniente dai fondi di Sviluppo e Coesione, ottenuti dall&#8217;amministrazione e dal Consiglio Comunale uscente di centrosinistra e dalla sua capacit\u00e0 di programmazione. Nonostante siano stati mantenuti alcuni elementi strategici come quelli riguardanti il completamento infrastrutturale del centro storico, il rifacimento di Piazza del Sedile, dei vicoli, delle piazzette, dei marciapiedi,\u00a0 il completamento di Palazzo d\u2019Errico cose per le quali ci siamo da sempre battuti, si \u00e8 invece registrata una mancanza di visione strategica nella politica riguardante l\u2019edilizia scolastica. Infatti non solo si \u00e8 eliminato un complesso importante e gi\u00e0 programmato come quello della scuola di Macchia Romana, in un quartiere in espansione ed in crescita demografica, ma non si \u00e8 neppure fornita una soluzione al sovraffollamento scolastico del plesso di via del Popolo, ormai in parte inutilizzato strutturalmente, in parte incapace di dare una risposta alla richiesta di scolarizzazione riveniente dalla parte antica della citt\u00e0. Pur in presenza di un finanziamento di 6 milioni di euro ottenuto per la riqualificazione della scuola Torraca, dall&#8217;Amministrazione di centrosinistra e ancora non utilizzato, per dare una risposta strategica all\u2019esigenza evidenziata; analoga disattenzione c&#8217;\u00e8 stata per le aree rurali e complessivamente per la loro viabilit\u00e0 preferendo alcuni provvedimenti estemporanei di cui non si capisce la genesi e la natura. A fronte di tale visione strategica messa in campo dal PD e dal centrosinistra, che sono maggioranza in Consiglio comunale, la risposta del Sindaco \u00e8 stata quella invece di criticare ferocemente l&#8217;ultimo ventennio di amministrazione del centrosinistra, sia sotto il profilo politico e progettuale, che sotto quello della trasparenza e della liceit\u00e0 dei procedimenti amministrativi adottati. Ci sembra incoerente ed inaccettabile sul piano politico ed amministrativo, che da un lato si critichi tutta quella \u00a0classe dirigente del PD che ora con responsabilit\u00e0 nazionali, regionali e comunali \u00a0ha partecipato \u00a0politicamente o amministrativamente al governo della Citt\u00e0, offendendone l\u2019azione messa in campo e dall\u2019altro si voglia ricorrere allo stesso PD che governa a livello regionale, perch\u00e9 aiuti il Comune al di fuori di un riconoscimento strategico di citt\u00e0 erogatrice di servizi di qualit\u00e0, con finanziamenti fini a se stessi.<\/p>\n<p>Nulla voglio dire in relazione all&#8217;aggressione verbale ricevuta in Consiglio comunale circa le responsabilit\u00e0 che sotto l&#8217;aspetto formale giuridico non mi possono appartenere, ma rivendico con orgoglio comunque la responsabilit\u00e0 politica esercitata in nome e per conto di un partito di cui sono stato Segretario e capogruppo e che per quanto mi riguarda ha sempre agito per la realizzazione del bene comune, tra tante difficolt\u00e0 ereditate, a partire dal vecchio dissesto, al costante taglio che lo Stato ha fatto negli enti locali, ai canoni inevasi da parte del Ministero di Grazia e Giustizia per le locazioni del tribunale, a tutte le difficolt\u00e0 che la citt\u00e0 conosce e che noi abbiamo affrontato con responsabilit\u00e0 e mettendo in campo una iniziativa politica, non nascondendoci dietro l\u2019eredit\u00e0 del passato ma facendo nostro il principio della continuit\u00e0 amministrativa e della realizzazione del bene comune. Prendo atto delle scuse pubbliche rivoltemi dal Sindaco e le accetto sul piano personale, ma per quanto mi riguarda rimangono inalterate le ragioni politiche ed amministrative che mi portano a pensare che in presenza di una dichiarazione di dissesto non affrontata per tempo, con un opportuno piano di riequilibrio, non vi siano le condizioni di un governo politico, che vada dalla destra alla sinistra finalizzato a governare solo l\u2019ordinaria amministrazione, in presenza di incolmabili distanze culturali, ideali e progettuali.<\/p>\n<p>Chi ha vinto abbia il coraggio e la responsabilit\u00e0 di governare con le proprie idee e con la forza dei propri partiti di appartenenza da cui \u00e8 stato sostenuto in campagna elettorale, senza coinvolgere a titolo personale consiglieri comunali eletti nelle proprie forze politiche e con progetti alternativi, alludendo a cambi di maggioranza consiliari, senza che in questo caso il Partito Democratico, abbia deciso una sua linea politica nell\u2019unica sede possibile, che \u00e8 quella del Congresso Cittadino.<\/p>\n<p style=\"text-align: justify;\">Sono nettamente contro l\u2019idea di chi pensa, in presenza di un dissesto, di gestire la cosa pubblica esclusivamente guardando alla ordinariet\u00e0, senza avere la possibilit\u00e0 di ideare e di programmare e con una differenza evidente tra il Sindaco di destra e la maggioranza di Centro Sinistra. Si finirebbe per dare la sensazione alla Comunit\u00e0 di guardare esclusivamente agli organigrammi, senza avere la possibilit\u00e0 di incidere sulla crescita socio economica di Potenza. Sono altres\u00ec contro lo scioglimento del Consiglio Comunale e contro l\u2019idea di commissariamento dello stesso ma per un sostegno trasparente sugli atti amministrativi che finora non \u00e8 mai mancato n\u00e9 da parte del Pd n\u00e9 da parte dell\u2019intero centro sinistra.\u00a0\u00a0<\/p>\n","protected":false},"excerpt":{"rendered":"<p>Il consiglio comunale di ieri rappresenta una pagina importante per la sua vita istituzionale e politica. Si \u00e8 fatta finalmente chiarezza sua una serie di &#8230; <\/p>\n","protected":false},"author":1,"featured_media":0,"comment_status":"closed","ping_status":"closed","sticky":false,"template":"single-sidebar.php","format":"standard","meta":{"footnotes":""},"categories":[384],"tags":[],"class_list":["post-12861","post","type-post","status-publish","format-standard","hentry","category-c243-comunicati-stampa-dei-consiglieri-243"],"_links":{"self":[{"href":"https:\/\/archivio.comune.potenza.it\/index.php?rest_route=\/wp\/v2\/posts\/12861"}],"collection":[{"href":"https:\/\/archivio.comune.potenza.it\/index.php?rest_route=\/wp\/v2\/posts"}],"about":[{"href":"https:\/\/archivio.comune.potenza.it\/index.php?rest_route=\/wp\/v2\/types\/post"}],"author":[{"embeddable":true,"href":"https:\/\/archivio.comune.potenza.it\/index.php?rest_route=\/wp\/v2\/users\/1"}],"replies":[{"embeddable":true,"href":"https:\/\/archivio.comune.potenza.it\/index.php?rest_route=%2Fwp%2Fv2%2Fcomments&post=12861"}],"version-history":[{"count":0,"href":"https:\/\/archivio.comune.potenza.it\/index.php?rest_route=\/wp\/v2\/posts\/12861\/revisions"}],"wp:attachment":[{"href":"https:\/\/archivio.comune.potenza.it\/index.php?rest_route=%2Fwp%2Fv2%2Fmedia&parent=12861"}],"wp:term":[{"taxonomy":"category","embeddable":true,"href":"https:\/\/archivio.comune.potenza.it\/index.php?rest_route=%2Fwp%2Fv2%2Fcategories&post=12861"},{"taxonomy":"post_tag","embeddable":true,"href":"https:\/\/archivio.comune.potenza.it\/index.php?rest_route=%2Fwp%2Fv2%2Ftags&post=12861"}],"curies":[{"name":"wp","href":"https:\/\/api.w.org\/{rel}","templated":true}]}}