{"id":12862,"date":"2015-06-13T15:34:00","date_gmt":"2015-06-13T15:34:00","guid":{"rendered":"http:\/\/archivio.comune.potenza.it\/comune_wp\/?p=12862"},"modified":"-0001-11-30T00:00:00","modified_gmt":"-0001-11-29T22:00:00","slug":"roberto-falotico-potenza-condivisa-situazione-politica","status":"publish","type":"post","link":"https:\/\/archivio.comune.potenza.it\/?p=12862","title":{"rendered":"Roberto Falotico (Potenza Condivisa): Situazione politica"},"content":{"rendered":"<h2>L\u2019esercizio meno trasparente di qualche esponente del Pd cittadino (non penso l\u2019intero partito) pu\u00f2 prestarsi \u00e8 quello di far finta che, avendo qualcuno promesso di pagare il conto, si possa ricominciare da dove la citt\u00e0 si era cacciata, cio\u00e8 dalla palude di protagonismi personali e di arroganze di gruppo, in nome di una presunta investitura di popolo che \u00e8 tutta da verificare. Continuare a negare l\u2019evidenza di una situazione non pi\u00f9 gestibile con i normali strumenti di bilancio, significa assumere un atteggiamento di fuga dalla realt\u00e0, giustificabile solo con un tentativo di destabilizzare una situazione che non \u00e8 pagante sul piano politico o partitico. Il percorso del dissesto accompagnato \u00e8 una medicina che va bevuta fino in fondo e con spirito di rassegnazione da parte di tutti, cominciando da chi poteva avere tutte le argomentazioni per prendere le distanze da un recente passato, per finire a quelli che, avendo avuto pieni poteri per un\u2019intera consiliatura, non avrebbero dovuto portarci fin qui.<\/h2>\n<h2>Nessuno pensa che la citt\u00e0 di Potenza possa tornare da domani alla normalit\u00e0, ma \u00e8 necessario che tutti, senza eccezione alcuna, lavorino perch\u00e9 questa normalit\u00e0 arrivi il prima possibile. E non \u00e8 un percorso solo fatto per amministratori contabili, ma per le sensibilit\u00e0 e le responsabilit\u00e0 di tutti, in uno sforzo collegiale di creativit\u00e0, seriet\u00e0, di collaborazione senza riserve e di accantonamento di ambizioni e pretese giunte fuori tempo massimo. Poich\u00e9 l\u2019orologio non pu\u00f2 rimettersi indietro, la domanda che oggi ci si deve porre \u00e8 come fare il bene di questa citt\u00e0, dando un senso ed una nuova responsabilit\u00e0 al mandato che gli elettori hanno dato a ciascuno. E a chi teme, per averle abbondantemente usate nel passato, che il Sindaco possa riscoprire vecchie prassi di accordi personalistici va detto che il problema non si pone, perch\u00e9 la premessa per una responsabilit\u00e0 piena del Consiglio in questo percorso di risanamento \u00e8 che tutto avvenga alla luce del sole, in una condivisione piena di responsabilit\u00e0 con tutte le forze che antepongono il bene della citt\u00e0 a quella del partito di appartenenza.<\/h2>\n<h2>Siamo in una situazione in cui nessuno pu\u00f2 permettersi di colorare una giunta e quindi i nessuno pu\u00f2 pensare di intascare il dividendo di un\u2019azione che o \u00e8 di tutti oppure non pu\u00f2 esserci. Questa assemblea comunale ha la fortuna di contare su persone che prima di avere una tessera di partito hanno un rapporto consolidato con la citt\u00e0 e che non lasceranno passare operazioni di bassa cucina politica, da qualunque parte vengano. Ed infine va detto con chiarezza che non \u00e8 vero che l\u2019accompagnamento al dissesto sia la premessa di ordinariet\u00e0 gestionale. Anzi. E\u2019 proprio da una situazione di emergenza che bisogna trarre forza e convinzione per fare cose straordinarie. Ci vogliono seriet\u00e0, passione e spirito di servizio. Chi li ha li metta a disposizione.<\/h2>\n<p style=\"text-align: justify;\">\u00a0<\/p>\n","protected":false},"excerpt":{"rendered":"<p>L\u2019esercizio meno trasparente di qualche esponente del Pd cittadino (non penso l\u2019intero partito) pu\u00f2 prestarsi \u00e8 quello di far finta che, avendo qualcuno promesso di &#8230; <\/p>\n","protected":false},"author":1,"featured_media":0,"comment_status":"closed","ping_status":"closed","sticky":false,"template":"single-sidebar.php","format":"standard","meta":{"footnotes":""},"categories":[384],"tags":[],"class_list":["post-12862","post","type-post","status-publish","format-standard","hentry","category-c243-comunicati-stampa-dei-consiglieri-243"],"_links":{"self":[{"href":"https:\/\/archivio.comune.potenza.it\/index.php?rest_route=\/wp\/v2\/posts\/12862"}],"collection":[{"href":"https:\/\/archivio.comune.potenza.it\/index.php?rest_route=\/wp\/v2\/posts"}],"about":[{"href":"https:\/\/archivio.comune.potenza.it\/index.php?rest_route=\/wp\/v2\/types\/post"}],"author":[{"embeddable":true,"href":"https:\/\/archivio.comune.potenza.it\/index.php?rest_route=\/wp\/v2\/users\/1"}],"replies":[{"embeddable":true,"href":"https:\/\/archivio.comune.potenza.it\/index.php?rest_route=%2Fwp%2Fv2%2Fcomments&post=12862"}],"version-history":[{"count":0,"href":"https:\/\/archivio.comune.potenza.it\/index.php?rest_route=\/wp\/v2\/posts\/12862\/revisions"}],"wp:attachment":[{"href":"https:\/\/archivio.comune.potenza.it\/index.php?rest_route=%2Fwp%2Fv2%2Fmedia&parent=12862"}],"wp:term":[{"taxonomy":"category","embeddable":true,"href":"https:\/\/archivio.comune.potenza.it\/index.php?rest_route=%2Fwp%2Fv2%2Fcategories&post=12862"},{"taxonomy":"post_tag","embeddable":true,"href":"https:\/\/archivio.comune.potenza.it\/index.php?rest_route=%2Fwp%2Fv2%2Ftags&post=12862"}],"curies":[{"name":"wp","href":"https:\/\/api.w.org\/{rel}","templated":true}]}}