{"id":12867,"date":"2015-06-13T15:42:19","date_gmt":"2015-06-13T15:42:19","guid":{"rendered":"http:\/\/archivio.comune.potenza.it\/comune_wp\/?p=12867"},"modified":"-0001-11-30T00:00:00","modified_gmt":"-0001-11-29T22:00:00","slug":"giuseppe-giuzio-fratelli-d-italia-il-bavaglio","status":"publish","type":"post","link":"https:\/\/archivio.comune.potenza.it\/?p=12867","title":{"rendered":"Giuseppe Giuzio (Fratelli d&#8217;Italia): Il bavaglio"},"content":{"rendered":"<p style=\"text-align: justify;\">Era l&#8217;11 settembre 2014 quando si proponeva la convocazione di un consiglio comunale aperto per discutere di Energia Petrolio, titolo V della Costituzione e art. 38 dell&#8217;allora Decreto Legge (poi divenuto legge) &#8220;sblocca Italia&#8221;.<br \/>A distanza di quasi tre mesi, nulla \u00e8 stato fatto.<br \/>Ed ora, anche, la beffa: la conferenza dei capigruppo, infatti, ha bocciato l&#8217;urgenza della questione impedendo al Consiglio di discutere (prima del 4 dicembre, giorno in cui la Regione decider\u00e0 sull&#8217;impugnazione) e pronunciare su una materia tanto importante. <br \/>La votazione ha visto l&#8217;assenza del PD e il voto contrario del resto del centro sinistra. <br \/>Sull&#8217;urgenza si \u00e8 espresso a favore tutto il Centro Destra e il Movimento 5 Stelle.<br \/>Il Presidente del Consiglio, innanzi allo stallo della commissione, si \u00e8 assunto la responsabilit\u00e0 di interpretare come non urgente l&#8217;ordine del giorno.<br \/>Il tutto nella logica di non &#8220;rompere le uova nel paniere&#8221; a un centro sinistra gi\u00e0 in frantumi.<br \/>Basti pensare a quando accade sul fronte post dissesto dove esponenti del PD, ancora, continuano, nel legittimo ma non condivisibile gioco delle parti, ad evidenziare che qualcuno non ha fatto il possibile per evitarlo.<br \/>Iudicello (da FB): &#8220;il dissesto \u00e8 una iattura&#8230; non si \u00e8 voluto evitarlo, e per questo io mi sono astenuto.<br \/>Carretta (da La Gazzetta del Mezzogiorno) dal canto suo evidenzia: &#8221; &#8230; riteniamo che non tutto \u00e8 stato fatto per evitare il dissesto&#8221;.<br \/>Da questo PD &#8211; che continua a difendere, pur di fronte a numeri certi, il passato ed accusare chi ha responsabilmente fatto un passo nel futuro &#8211; la citt\u00e0 di Potenza dovrebbe prendere le distanze altrettanto dovrebbe fare tutto il Consiglio Comunale.<br \/>\u00c8 lo stesso PD che prende tempo, anche, sul rimpasto di giunta, con continui rinvii in attesa del congresso che dovrebbe sancire i nuovi equilibri interni.<br \/>Si sta paralizzando l&#8217;attivit\u00e0 amministrativa per, incomprensibili, logiche di partito, quando sarebbe pi\u00f9 semplice se coloro che erano assenti (non giustificati) e\/o non hanno votato a favore del dissesto, ma anche chi ha avuto responsabilit\u00e0 di governo nella passata consiliatura, facessero volontariamente un passo indietro, dando spazio ad altri che, invece, credono che la citt\u00e0 possa essere rilanciata.<br \/>Dare responsabilit\u00e0 di governo a quella parte del Centro Sinistra che si \u00e8 assentata o si \u00e8 astenuta in sede di approvazione del dissesto, che non favorisce un governo di salute pubblica ed ora blocca la discussione sul tema petrolio, significherebbe riconsegnare (senza tener in debito conto il voto popolare che ha indicato una discontinuit\u00e0 con il passato) la citt\u00e0 a chi negli ultimi 10 anni l&#8217;ha governata portandola al &#8220;crac: Potenza e i potentini non capirebbero.<\/p>\n","protected":false},"excerpt":{"rendered":"<p>Era l&#8217;11 settembre 2014 quando si proponeva la convocazione di un consiglio comunale aperto per discutere di Energia Petrolio, titolo V della Costituzione e art. &#8230; <\/p>\n","protected":false},"author":1,"featured_media":0,"comment_status":"closed","ping_status":"closed","sticky":false,"template":"single-sidebar.php","format":"standard","meta":{"footnotes":""},"categories":[384],"tags":[],"class_list":["post-12867","post","type-post","status-publish","format-standard","hentry","category-c243-comunicati-stampa-dei-consiglieri-243"],"_links":{"self":[{"href":"https:\/\/archivio.comune.potenza.it\/index.php?rest_route=\/wp\/v2\/posts\/12867"}],"collection":[{"href":"https:\/\/archivio.comune.potenza.it\/index.php?rest_route=\/wp\/v2\/posts"}],"about":[{"href":"https:\/\/archivio.comune.potenza.it\/index.php?rest_route=\/wp\/v2\/types\/post"}],"author":[{"embeddable":true,"href":"https:\/\/archivio.comune.potenza.it\/index.php?rest_route=\/wp\/v2\/users\/1"}],"replies":[{"embeddable":true,"href":"https:\/\/archivio.comune.potenza.it\/index.php?rest_route=%2Fwp%2Fv2%2Fcomments&post=12867"}],"version-history":[{"count":0,"href":"https:\/\/archivio.comune.potenza.it\/index.php?rest_route=\/wp\/v2\/posts\/12867\/revisions"}],"wp:attachment":[{"href":"https:\/\/archivio.comune.potenza.it\/index.php?rest_route=%2Fwp%2Fv2%2Fmedia&parent=12867"}],"wp:term":[{"taxonomy":"category","embeddable":true,"href":"https:\/\/archivio.comune.potenza.it\/index.php?rest_route=%2Fwp%2Fv2%2Fcategories&post=12867"},{"taxonomy":"post_tag","embeddable":true,"href":"https:\/\/archivio.comune.potenza.it\/index.php?rest_route=%2Fwp%2Fv2%2Ftags&post=12867"}],"curies":[{"name":"wp","href":"https:\/\/api.w.org\/{rel}","templated":true}]}}