{"id":12868,"date":"2015-06-13T15:44:45","date_gmt":"2015-06-13T15:44:45","guid":{"rendered":"http:\/\/archivio.comune.potenza.it\/comune_wp\/?p=12868"},"modified":"-0001-11-30T00:00:00","modified_gmt":"-0001-11-29T22:00:00","slug":"alessandro-galella-fratelli-d-italia-e-antonio-vigilante-lista-civica-rassegna-in-viaggio-tra-i-presepi","status":"publish","type":"post","link":"https:\/\/archivio.comune.potenza.it\/?p=12868","title":{"rendered":"Alessandro Galella (Fratelli d&#8217;Italia) e Antonio Vigilante (Lista Civica): Rassegna &#8220;In viaggio tra i presepi&#8221;"},"content":{"rendered":"<p style=\"text-align: justify;\">\u201cIn viaggio tra i Presepi\u201d, rassegna presepiale che negli anni passati si \u00e8 tenuta nelle scale mobili del capoluogo, da quest&#8217;anno si trasferir\u00e0 a Matera.<\/p>\n<p>Prendiamo atto del depauperamento dell&#8217;offerta di intrattenimenti potentina, primo affetto di una crisi di bilancio che, purtroppo, comincia a farsi sentire in tutta la sua concretezza.<\/p>\n<p>Nondimeno, \u00e8 opportuno considerare che la crisi che sta attraversando la nostra citt\u00e0 \u00e8 stata, in parte, causata proprio dal modo di agire di certo associazionismo, troppo contiguo al Palazzo e poco attento ai valori della cultura e della solidariet\u00e0.<\/p>\n<p>Eccone un esempio: l&#8217;associazione Sintetika, autrice della mostra presepiale, nel comunicato con cui comunica la sua \u201cemigrazione\u201d verso Matera, rammaricandosi della poca attenzione dell&#8217;amministrazione comunale attuale per l&#8217;evento \u201cIn viaggio tra i Presepi\u201d, ricorda di non aver mai gravato sulle casse comunali.<\/p>\n<p>Si tratta di un&#8217;affermazione falsa: solo per restare all&#8217;ultima edizione (Natale 2013), ci risulta che l&#8217;associazione Sintetika abbia percepito ben 15.000\u20ac (si tratta di atti pubblici, difficili da smentire: Atto di Liquidazione nr. rep. 101 del 16 ottobre 2013 \u2013 impegno di spesa nr. 2165\/2012 sub 1029\/2012). Non \u00e8 bello raccontare cose false ai cittadini, facendo credere che tali iniziative si siano virtuosamente autofinanziate, quando invece sono state lautamente pagate dalle finanze, ormai al collasso, della nostra citt\u00e0.<\/p>\n<p>Ma i \u201cpresepi a pagamento\u201d nelle scale mobili non sono l&#8217;unica cosa di cui i promotori di Sintetika dovrebbero dare spiegazioni ai Potentini.<\/p>\n<p>Ci risulta, infatti, che le installazioni artistiche, peraltro discutibili, che campeggiano da anni nelle scale mobili, siano state realizzate con il contributo di Key Service, una societ\u00e0 molto vicina ai promotori dell&#8217;ass. Sintetika. E&#8217; lecito, a questo punto, domandare se anche queste opere siano state pagate dai cittadini.<\/p>\n<p>Infine, dispiace sentir dire all&#8217;ass. Sintetika che emigrer\u00e0 per la mancanza di interesse dell&#8217;amministrazione comunale nei confronti delle sue iniziative. L&#8217;amministrazione \u00e8 molto interessata all&#8217;ass. Sintetika; i sottoscritti, per esempio, sono interessati ad un fatto recente, accaduto nelle scale mobili potentine.<\/p>\n<p>Ci risulta che i cartelloni pubblicitari, installati lungo le rampe delle scale mobili, siano improvvisamente spariti con l&#8217;elezione del nuovo sindaco, e ci risulta anche che a gestirli fosse, da circa dieci anni, la solita Key Service.<\/p>\n<p>Sarebbe interessante sapere se tali spazi, fittati da Key Service a commercianti e imprenditori, siano stati concessi da Co.Tr.A.B. con una gara a evidenza pubblica, e quanto abbia incassato il consorzio, sotto forma di canoni di concessione, per questo subappalto.<\/p>\n<p>Soprattutto, saremmo interessati a sapere come \u00e8 stato possibile concludere un contratto di subappalto tra Co.Tr.A.B. e Key Service, visto che si tratta di un accordo vietato dalla convenzione tra Co.Tr.A.B. E Comune di Potenza.<\/p>\n<p>Sintetika afferma di aver valorizzato le scale mobili, di non aver mai gravato sui cittadini e di aver fatto molta beneficenza.<\/p>\n<p>A noi risulta, invece, che tra presepi a pagamento, installazioni artistiche e affitto di spazi pubblicitari, Sintetika\/Key Service abbia occupato per molti anni le scale mobili cittadine con il beneplacito della politica, gravando sulle casse pubbliche, guadagnando cifre non indifferenti con attivit\u00e0 private, e facendo beneficenza, quindi, innanzitutto a s\u00e9 stessa.<\/p>\n<p>A noi, come cittadini, non dispiaceva l&#8217;iniziativa natalizia dei presepi. Ma crediamo che si debba ribadire con forza che la cultura e la beneficenza non vanno mischiate con la politica e le attivit\u00e0 commerciali. Soprattutto, crediamo che le regole, la trasparenza e l&#8217;imparzialit\u00e0 degli enti pubblici siano valori da salvaguardare e proteggere pi\u00f9 di tutto il resto.<\/p>\n<p>Infine, troviamo molto triste che un&#8217;associazione culturale menta ai suoi concittadini sui fondi pubblici ricevuti, specie in questo periodo in cui i tagli alla spesa sociale e ai servizi vanno a colpire i soggetti pi\u00f9 deboli della nostra comunit\u00e0.<\/p>\n<p>Ci aspettiamo chiarimenti da parte degli interessati.<\/p>\n","protected":false},"excerpt":{"rendered":"<p>\u201cIn viaggio tra i Presepi\u201d, rassegna presepiale che negli anni passati si \u00e8 tenuta nelle scale mobili del capoluogo, da quest&#8217;anno si trasferir\u00e0 a Matera. &#8230; <\/p>\n","protected":false},"author":1,"featured_media":0,"comment_status":"closed","ping_status":"closed","sticky":false,"template":"single-sidebar.php","format":"standard","meta":{"footnotes":""},"categories":[384],"tags":[],"class_list":["post-12868","post","type-post","status-publish","format-standard","hentry","category-c243-comunicati-stampa-dei-consiglieri-243"],"_links":{"self":[{"href":"https:\/\/archivio.comune.potenza.it\/index.php?rest_route=\/wp\/v2\/posts\/12868"}],"collection":[{"href":"https:\/\/archivio.comune.potenza.it\/index.php?rest_route=\/wp\/v2\/posts"}],"about":[{"href":"https:\/\/archivio.comune.potenza.it\/index.php?rest_route=\/wp\/v2\/types\/post"}],"author":[{"embeddable":true,"href":"https:\/\/archivio.comune.potenza.it\/index.php?rest_route=\/wp\/v2\/users\/1"}],"replies":[{"embeddable":true,"href":"https:\/\/archivio.comune.potenza.it\/index.php?rest_route=%2Fwp%2Fv2%2Fcomments&post=12868"}],"version-history":[{"count":0,"href":"https:\/\/archivio.comune.potenza.it\/index.php?rest_route=\/wp\/v2\/posts\/12868\/revisions"}],"wp:attachment":[{"href":"https:\/\/archivio.comune.potenza.it\/index.php?rest_route=%2Fwp%2Fv2%2Fmedia&parent=12868"}],"wp:term":[{"taxonomy":"category","embeddable":true,"href":"https:\/\/archivio.comune.potenza.it\/index.php?rest_route=%2Fwp%2Fv2%2Fcategories&post=12868"},{"taxonomy":"post_tag","embeddable":true,"href":"https:\/\/archivio.comune.potenza.it\/index.php?rest_route=%2Fwp%2Fv2%2Ftags&post=12868"}],"curies":[{"name":"wp","href":"https:\/\/api.w.org\/{rel}","templated":true}]}}