{"id":12870,"date":"2015-06-13T15:49:12","date_gmt":"2015-06-13T15:49:12","guid":{"rendered":"http:\/\/archivio.comune.potenza.it\/comune_wp\/?p=12870"},"modified":"-0001-11-30T00:00:00","modified_gmt":"-0001-11-29T22:00:00","slug":"gianpaolo-carretta-partito-democratico-mancato-svolgimento-consiglio-comunale","status":"publish","type":"post","link":"https:\/\/archivio.comune.potenza.it\/?p=12870","title":{"rendered":"Gianpaolo Carretta (Partito Democratico): Mancato svolgimento Consiglio Comunale"},"content":{"rendered":"<p style=\"text-align: justify;\">La convocazione di un Consiglio Comunale aperto per discutere di Energia e Petrolio in relazione al Titolo V della Costituzione e all\u2019articolo 38 del Decreto Legge poi convertito nella Legge Sblocca Italia, \u00e8 stato formalmente richiesto da esponenti del Gruppo di Fratelli d\u2019Italia in modo tardivo pretendendo comunque una convocazione di urgenza ed immediata propria di una cultura che trae le proprie origini in una destra autoritaria e reazionaria, poco rispettosa dei principi democratici e partecipativi.<\/p>\n<p>Non\u00a0 \u00e8 un caso, vogliamo evidenziare ai novelli consiglieri dell\u2019estrema destra, che in questa Regione sono sempre stati all\u2019opposizione certo non per alchimie partitiche ma perch\u00e9 la gente di Basilicata non ha mai creduto in una forza politica priva di progetti, idee e classe dirigente adeguata sotto il profilo istituzionale, per governare la nostra Regione.<\/p>\n<p>Lo ribadiamo, il dissesto del Comune di Potenza, siamo stanchi di ripeterlo, \u00e8 frutto non di debiti fuori bilancio ma di un disavanzo di amministrazione e poteva, con le procedure che abbiamo pi\u00f9 volte evidenziato, essere evitato con un piano di riequilibrio triennale che non \u00e8 stato tempestivamente adottato e che ora costringer\u00e0 l\u2019Amministrazione comunale a confrontarsi ogni anno con un possibile dissesto, governando solo l\u2019ordinaria amministrazione, atteso che la programmazione europea sar\u00e0 cantierabile tra anni e che gli operatori economici e la cittadinanza patiranno in modo strutturale questo disagio socio economico.<\/p>\n<p>Vogliamo sottolineare che si continua a fare demagogia e strumentalizzazione politica, infatti non vi \u00e8 un provvedimento amministrativo sul quale il Partito Democratico ed il Centro Sinistra non si siano ripiegati nel merito e ne abbiamo assicurato l\u2019approvazione in modo diretto o indiretto, essendo noi maggioranza assoluta in Consiglio Comunale.<\/p>\n<p>Questo perch\u00e9 noi guardiamo al bene comune e alle esigenze della Comunit\u00e0. Non siamo interessati dai tatticismi di chi vuole annullare storie, culture, provenienze ideali e partitiche in nome degli organigrammi. E cio\u00e8 governare tutti insieme a tutti i costi pur di star seduti sulle poltrone ormai per gestire esclusivamente l\u2019ordinaria amministrazione.<\/p>\n<p>Il Congresso del Partito Democratico, che \u00e8 un momento partecipativo e di confronto con il popolo del PD, indicher\u00e0 una linea politica e adotter\u00e0 delle scelte sicuramente responsabili e finalizzate a garantire il bene della nostra Comunit\u00e0.<\/p>\n<p style=\"text-align: justify;\">Il resto sono piccole posizioni di retroguardia che guardano o esclusivamente a inciuci consociativi o che tendono a salvaguardare piccole nicchie di potere che in questo contesto di crisi strutturale appaiono anacronistiche e non finalizzate a traghettare Potenza verso una nuova fase, garantendole realmente il ruolo di Citt\u00e0 erogatrice di servizi all\u2019intera Comunit\u00e0 regionale.\u00a0<\/p>\n","protected":false},"excerpt":{"rendered":"<p>La convocazione di un Consiglio Comunale aperto per discutere di Energia e Petrolio in relazione al Titolo V della Costituzione e all\u2019articolo 38 del Decreto &#8230; <\/p>\n","protected":false},"author":1,"featured_media":0,"comment_status":"closed","ping_status":"closed","sticky":false,"template":"single-sidebar.php","format":"standard","meta":{"footnotes":""},"categories":[384],"tags":[],"class_list":["post-12870","post","type-post","status-publish","format-standard","hentry","category-c243-comunicati-stampa-dei-consiglieri-243"],"_links":{"self":[{"href":"https:\/\/archivio.comune.potenza.it\/index.php?rest_route=\/wp\/v2\/posts\/12870"}],"collection":[{"href":"https:\/\/archivio.comune.potenza.it\/index.php?rest_route=\/wp\/v2\/posts"}],"about":[{"href":"https:\/\/archivio.comune.potenza.it\/index.php?rest_route=\/wp\/v2\/types\/post"}],"author":[{"embeddable":true,"href":"https:\/\/archivio.comune.potenza.it\/index.php?rest_route=\/wp\/v2\/users\/1"}],"replies":[{"embeddable":true,"href":"https:\/\/archivio.comune.potenza.it\/index.php?rest_route=%2Fwp%2Fv2%2Fcomments&post=12870"}],"version-history":[{"count":0,"href":"https:\/\/archivio.comune.potenza.it\/index.php?rest_route=\/wp\/v2\/posts\/12870\/revisions"}],"wp:attachment":[{"href":"https:\/\/archivio.comune.potenza.it\/index.php?rest_route=%2Fwp%2Fv2%2Fmedia&parent=12870"}],"wp:term":[{"taxonomy":"category","embeddable":true,"href":"https:\/\/archivio.comune.potenza.it\/index.php?rest_route=%2Fwp%2Fv2%2Fcategories&post=12870"},{"taxonomy":"post_tag","embeddable":true,"href":"https:\/\/archivio.comune.potenza.it\/index.php?rest_route=%2Fwp%2Fv2%2Ftags&post=12870"}],"curies":[{"name":"wp","href":"https:\/\/api.w.org\/{rel}","templated":true}]}}