{"id":12872,"date":"2015-06-13T15:51:52","date_gmt":"2015-06-13T15:51:52","guid":{"rendered":"http:\/\/archivio.comune.potenza.it\/comune_wp\/?p=12872"},"modified":"-0001-11-30T00:00:00","modified_gmt":"-0001-11-29T22:00:00","slug":"gianpaolo-carretta-partito-democratico-sentenza-t-a-r","status":"publish","type":"post","link":"https:\/\/archivio.comune.potenza.it\/?p=12872","title":{"rendered":"Gianpaolo Carretta (Partito Democratico): Sentenza T.A.R."},"content":{"rendered":"<p style=\"text-align: justify;\">La sentenza pronunciata dal TAR Basilicata in relazione al ricorso avente ad oggetto una diversa attribuzione del premio di maggioranza, proposto da alcuni consiglieri delle liste di destra non eletti, che appoggiavano il Sindaco De Luca in campagna elettorale, fa chiarezza definitiva su alcune questioni che la citt\u00e0 deve conoscere nella loro interezza. La prima attiene alla circostanza in base alla quale \u00e8 ormai evidente che il sindaco De Luca, appoggiato dalle forze di destra di questa citt\u00e0, \u00e8 un sindaco senza maggioranza consiliare che \u00e8 invece attestata al PD e al centrosinistra, che in modo autonomo ed autosufficiente rappresentano la maggioranza assoluta del consiglio comunale. \u00a0La seconda questione attiene alla circostanza in base alla quale, questa sar\u00e0 ricordata come l&#8217;amministrazione del dissesto, ed in modo pi\u00f9 chiaro quell&#8217;amministrazione che non adottando in tempo provvedimenti importanti come quelli dell\u2019adozione\u00a0 di piano di riequilibrio economico finanziario, nulla hanno fatto di concreto per evitare un dissesto costituito esclusivamente da un disavanzo di amministrazione e non da debiti fuori bilancio. La terza questione attiene poi ad uno specioso gioco delle parti al quale stiamo assistendo, inaccettabile per la citt\u00e0, tra le diverse \u201cdestre\u201d che sembrano configurarsi seconda delle convenienze del momento, una, quella che a livello regionale \u00e8 protagonista di una opposizione dura e non dialogante su ogni provvedimento e che pi\u00f9 volte ha dimostrato di essere contro la citt\u00e0 e contro il riconoscimento delle poste economiche dovute a Potenza, quale citt\u00e0 erogatrice di servizi all&#8217;intera comunit\u00e0 regionale; l\u2019altra, quella consiliare che al Comune di Potenza consapevole della sua non autosufficienza politica e del suo essere minoranza \u00e8 alla ricerca di un dialogo a tutti costi, non con le forze politiche del centrosinistra, ma con i singoli consiglieri, utilizzando la risibile motivazione del rinnovamento e della nuova fase, ma non perdendo occasione per attaccare il PD, il centrosinistra e quello che hanno fatto per Potenza in questi 20 anni di difficile amministrazione, senza avanzare alcuna proposta strategica per il futuro; \u00a0poi infine vi \u00e8 una destra extra consigliare, non presente nelle istituzioni, ma nella societ\u00e0 civile, che con un atteggiamento inaccettabile, tutto radicato nella cultura estremista e postfascista, non risparmia continui, violenti ed infondati attacchi personali. Questo \u00e8 il quadro desolante e preoccupante della situazione socio-politica della citt\u00e0, con la Destra al governo. Perci\u00f2 occorre grande responsabilit\u00e0 come il PD ha sin qui fatto, per assicurare che quei pochi provvedimenti strategici che arrivano in consiglio comunale siano approvati per il bene della comunit\u00e0. Le priorit\u00e0 non sono gli organigrammi, gli assessorati, la gestione del potere, ma bens\u00ec l&#8217;affrontare con responsabilit\u00e0 la crisi socio-amministrativa della citt\u00e0, delinearne un progetto e un&#8217;idea, in un quadro di coerenza ideale, politica e amministrativa In questo contesto sar\u00e0 fondamentale l\u2019apporto che il popolo del Pd dar\u00e0 al prossimo congresso cittadino, ove l\u2019ampia partecipazione democratica ed un confronto costruttivo, porteranno a tracciare una linea ed una prospettiva chiara e condivisa.<\/p>\n<p><span>\u00a0<\/span><\/p>\n","protected":false},"excerpt":{"rendered":"<p>La sentenza pronunciata dal TAR Basilicata in relazione al ricorso avente ad oggetto una diversa attribuzione del premio di maggioranza, proposto da alcuni consiglieri delle &#8230; <\/p>\n","protected":false},"author":1,"featured_media":0,"comment_status":"closed","ping_status":"closed","sticky":false,"template":"single-sidebar.php","format":"standard","meta":{"footnotes":""},"categories":[384],"tags":[],"class_list":["post-12872","post","type-post","status-publish","format-standard","hentry","category-c243-comunicati-stampa-dei-consiglieri-243"],"_links":{"self":[{"href":"https:\/\/archivio.comune.potenza.it\/index.php?rest_route=\/wp\/v2\/posts\/12872"}],"collection":[{"href":"https:\/\/archivio.comune.potenza.it\/index.php?rest_route=\/wp\/v2\/posts"}],"about":[{"href":"https:\/\/archivio.comune.potenza.it\/index.php?rest_route=\/wp\/v2\/types\/post"}],"author":[{"embeddable":true,"href":"https:\/\/archivio.comune.potenza.it\/index.php?rest_route=\/wp\/v2\/users\/1"}],"replies":[{"embeddable":true,"href":"https:\/\/archivio.comune.potenza.it\/index.php?rest_route=%2Fwp%2Fv2%2Fcomments&post=12872"}],"version-history":[{"count":0,"href":"https:\/\/archivio.comune.potenza.it\/index.php?rest_route=\/wp\/v2\/posts\/12872\/revisions"}],"wp:attachment":[{"href":"https:\/\/archivio.comune.potenza.it\/index.php?rest_route=%2Fwp%2Fv2%2Fmedia&parent=12872"}],"wp:term":[{"taxonomy":"category","embeddable":true,"href":"https:\/\/archivio.comune.potenza.it\/index.php?rest_route=%2Fwp%2Fv2%2Fcategories&post=12872"},{"taxonomy":"post_tag","embeddable":true,"href":"https:\/\/archivio.comune.potenza.it\/index.php?rest_route=%2Fwp%2Fv2%2Ftags&post=12872"}],"curies":[{"name":"wp","href":"https:\/\/api.w.org\/{rel}","templated":true}]}}