{"id":12874,"date":"2015-06-13T15:56:08","date_gmt":"2015-06-13T15:56:08","guid":{"rendered":"http:\/\/archivio.comune.potenza.it\/comune_wp\/?p=12874"},"modified":"-0001-11-30T00:00:00","modified_gmt":"-0001-11-29T22:00:00","slug":"donato-pace-socialist-democrats-incontro-tra-comune-ed-acquedotto-lucano","status":"publish","type":"post","link":"https:\/\/archivio.comune.potenza.it\/?p=12874","title":{"rendered":"Donato Pace (Socialist &#038; Democrats): Incontro tra Comune ed Acquedotto Lucano"},"content":{"rendered":"<p style=\"text-align: justify;\">Ho letto con piacere il comunicato stampa scritto dai ragazzi del Comitato Potenza Ovest a seguito della loro partecipazione all\u2019incontro tra Amministrazione Comunale ed Acquedotto Lucano. Quando si percepisce che la cittadinanza sente l\u2019esigenza di divenire parte attiva di un processo di cambiamento, specialmente in una situazione particolare come quella in cui versa il Comune di Potenza, altro non si pu\u00f2 fare che plaudire a queste iniziative. Ed \u00e8 ci\u00f2 che stanno dimostrando i cittadini di Potenza con la loro volont\u00e0 di mettersi in discussione e confrontarsi a tutti i livelli per cercare di remare tutti nella stessa direzione.<br \/>L\u2019ultima iniziativa, in ordine di tempo, che ha consentito ad Acquedotto Lucano di rappresentare lo stato di fatto dei progetti in atto sulle rete fognarie ed idriche della citt\u00e0 di Potenza, altro non fa che sostenere la tesi che solo attraverso l\u2019impegno civico di ciascuno la cittadinanza potr\u00e0 riappropriarsi della politica del fare.<\/p>\n","protected":false},"excerpt":{"rendered":"<p>Ho letto con piacere il comunicato stampa scritto dai ragazzi del Comitato Potenza Ovest a seguito della loro partecipazione all\u2019incontro tra Amministrazione Comunale ed Acquedotto &#8230; <\/p>\n","protected":false},"author":1,"featured_media":0,"comment_status":"closed","ping_status":"closed","sticky":false,"template":"single-sidebar.php","format":"standard","meta":{"footnotes":""},"categories":[384],"tags":[],"class_list":["post-12874","post","type-post","status-publish","format-standard","hentry","category-c243-comunicati-stampa-dei-consiglieri-243"],"_links":{"self":[{"href":"https:\/\/archivio.comune.potenza.it\/index.php?rest_route=\/wp\/v2\/posts\/12874"}],"collection":[{"href":"https:\/\/archivio.comune.potenza.it\/index.php?rest_route=\/wp\/v2\/posts"}],"about":[{"href":"https:\/\/archivio.comune.potenza.it\/index.php?rest_route=\/wp\/v2\/types\/post"}],"author":[{"embeddable":true,"href":"https:\/\/archivio.comune.potenza.it\/index.php?rest_route=\/wp\/v2\/users\/1"}],"replies":[{"embeddable":true,"href":"https:\/\/archivio.comune.potenza.it\/index.php?rest_route=%2Fwp%2Fv2%2Fcomments&post=12874"}],"version-history":[{"count":0,"href":"https:\/\/archivio.comune.potenza.it\/index.php?rest_route=\/wp\/v2\/posts\/12874\/revisions"}],"wp:attachment":[{"href":"https:\/\/archivio.comune.potenza.it\/index.php?rest_route=%2Fwp%2Fv2%2Fmedia&parent=12874"}],"wp:term":[{"taxonomy":"category","embeddable":true,"href":"https:\/\/archivio.comune.potenza.it\/index.php?rest_route=%2Fwp%2Fv2%2Fcategories&post=12874"},{"taxonomy":"post_tag","embeddable":true,"href":"https:\/\/archivio.comune.potenza.it\/index.php?rest_route=%2Fwp%2Fv2%2Ftags&post=12874"}],"curies":[{"name":"wp","href":"https:\/\/api.w.org\/{rel}","templated":true}]}}