{"id":12878,"date":"2015-06-13T16:43:39","date_gmt":"2015-06-13T16:43:39","guid":{"rendered":"http:\/\/archivio.comune.potenza.it\/comune_wp\/?p=12878"},"modified":"-0001-11-30T00:00:00","modified_gmt":"-0001-11-29T22:00:00","slug":"gianpaolo-carretta-gerardo-nardiello-nicola-lovallo-lucia-sileo-partito-democratico-atti-del-consiglio-comunale","status":"publish","type":"post","link":"https:\/\/archivio.comune.potenza.it\/?p=12878","title":{"rendered":"Gianpaolo Carretta, Gerardo Nardiello, Nicola Lovallo, Lucia Sileo (Partito Democratico):  Atti del Consiglio Comunale"},"content":{"rendered":"<p style=\"text-align: justify;\">E\u2019 assolutamente inaccettabile, nella fase del dissesto e mentre si aumentano le tariffe per le mense scolastiche, per lo sport, per l\u2019accesso agli impianti sportivi, con gravi problemi occupazionali come ad esempio quello inerente la vertenza della Ronda, celebrare un Consiglio Comunale avente ad oggetto delibere di variazione di bilancio in relazione ad una somma intorno al milione e quattrocentomila euro erogata dalla Regione in vigenza dell\u2019esercizio provvisorio anche con poste dedicate ad attivit\u00e0 ludico e culturali, senza che il Consiglio Comunale ne fosse preventivamente informato per fare una valutazione sulle priorit\u00e0 che interessano la citt\u00e0, con particolare attenzione alle famiglie e alle fasce sociali pi\u00f9 deboli.<\/p>\n<p>E\u2019impensabile che variazioni di bilancio di questa portata, alla luce della dichiarazione di dissesto, vengano deliberate in una fase di sola ordinaria amministrazione, senza che tempestivamente le Commissioni consiliari ed il Consiglio comunale possano discuterne ed esserne informati. E\u2019 arrivato il momento che la Regione Basilicata apra un dibattito vero sul ruolo strategico del Capoluogo di Regione, quale citt\u00e0 erogatrice di servizi ad una comunit\u00e0 pi\u00f9 ampia di quella che amministra, legiferando una posta strutturale economico finanziaria intorno ai 15 milioni di euro che possa ristorarci dei servizi che offriamo ed \u00e8 arrivato il momento che\u00a0 la Giunta Comunale del dissesto, chiamata a gestire solo la ordinaria amministrazione, coinvolga la massima Assise comunale in merito a tutte le erogazioni finanziarie ed economiche che coinvolgono la comunit\u00e0 potentina . E\u2019 altrettanto inaccettabile che il Consiglio Comunale debba ripiegarsi a discutere, con a disposizione poche ore, perch\u00e9 di questo si tratta, di provvedimenti strategici come quello economico finanziario o come quelli che investono il riassetto del sistema dei trasporti o la pianificazione territoriale di un servizio essenziale come quello delle farmacie, o ancora quello inerente il riassetto del ciclo combinato dei rifiuti, senza che siano informati e coinvolti i corpi sociali intermedi, a partire dalle forze sindacali, ai comitati di quartiere, alle associazioni culturali e a quelle spontanee di quei cittadini che vogliono partecipare con confronti e proposte all\u2019azione amministrativa. Una necessit\u00e0 ancor pi\u00f9 evidente, visto che questa amministrazione si \u00e8 caratterizzata come quella del dissesto che, pi\u00f9 volte abbiamo ribadito, poteva evitarsi mettendo in campo tempestivamente un piano di riequilibrio pluriennale.<\/p>\n<p>L\u2019ordinaria amministrazione non pu\u00f2 giustificare un autoritarismo amministrativo che esautora la Citt\u00e0 e il Consiglio Comunale da una doverosa azione di controllo e di proposta. E\u2019 evidente che questo modo di fare rende superflua la partecipazione all\u2019attivit\u00e0 amministrativa e ai relativi Consigli Comunali. Pertanto \u00e8 inutile da un lato fare appelli alla condivisione delle scelte e dall\u2019altro decidere in perfetta solitudine senza mettere in campo una vera visione di crescita sociale e amministrativa per Potenza.<\/p>\n<p>Gli unici interessi che dobbiamo tutelare sono quelli del bene comune e della Citt\u00e0,sicuramente non quelli particolari.<\/p>\n","protected":false},"excerpt":{"rendered":"<p>E\u2019 assolutamente inaccettabile, nella fase del dissesto e mentre si aumentano le tariffe per le mense scolastiche, per lo sport, per l\u2019accesso agli impianti sportivi, &#8230; <\/p>\n","protected":false},"author":1,"featured_media":0,"comment_status":"closed","ping_status":"closed","sticky":false,"template":"single-sidebar.php","format":"standard","meta":{"footnotes":""},"categories":[384],"tags":[],"class_list":["post-12878","post","type-post","status-publish","format-standard","hentry","category-c243-comunicati-stampa-dei-consiglieri-243"],"_links":{"self":[{"href":"https:\/\/archivio.comune.potenza.it\/index.php?rest_route=\/wp\/v2\/posts\/12878"}],"collection":[{"href":"https:\/\/archivio.comune.potenza.it\/index.php?rest_route=\/wp\/v2\/posts"}],"about":[{"href":"https:\/\/archivio.comune.potenza.it\/index.php?rest_route=\/wp\/v2\/types\/post"}],"author":[{"embeddable":true,"href":"https:\/\/archivio.comune.potenza.it\/index.php?rest_route=\/wp\/v2\/users\/1"}],"replies":[{"embeddable":true,"href":"https:\/\/archivio.comune.potenza.it\/index.php?rest_route=%2Fwp%2Fv2%2Fcomments&post=12878"}],"version-history":[{"count":0,"href":"https:\/\/archivio.comune.potenza.it\/index.php?rest_route=\/wp\/v2\/posts\/12878\/revisions"}],"wp:attachment":[{"href":"https:\/\/archivio.comune.potenza.it\/index.php?rest_route=%2Fwp%2Fv2%2Fmedia&parent=12878"}],"wp:term":[{"taxonomy":"category","embeddable":true,"href":"https:\/\/archivio.comune.potenza.it\/index.php?rest_route=%2Fwp%2Fv2%2Fcategories&post=12878"},{"taxonomy":"post_tag","embeddable":true,"href":"https:\/\/archivio.comune.potenza.it\/index.php?rest_route=%2Fwp%2Fv2%2Ftags&post=12878"}],"curies":[{"name":"wp","href":"https:\/\/api.w.org\/{rel}","templated":true}]}}