{"id":12880,"date":"2015-06-13T16:47:28","date_gmt":"2015-06-13T16:47:28","guid":{"rendered":"http:\/\/archivio.comune.potenza.it\/comune_wp\/?p=12880"},"modified":"-0001-11-30T00:00:00","modified_gmt":"-0001-11-29T22:00:00","slug":"giuseppe-giuzio-fratelli-d-italia-propositi-di-inizio-2015","status":"publish","type":"post","link":"https:\/\/archivio.comune.potenza.it\/?p=12880","title":{"rendered":"Giuseppe Giuzio (Fratelli d&#8217;Italia): Propositi di inizio 2015"},"content":{"rendered":"<p style=\"text-align: justify;\">\u00c8 necessario continuare a denunciare il marcio che ancora si annida nel &#8220;sottobosco&#8221; della politica potentina e ci\u00f2 ci impone una seria riflessione prima di siglare qualunque tipo di alleanza.<\/p>\n<p>Riflessioni tutte che devono avere certamente come punto di partenza la salvezza della citt\u00e0 di Potenza ma senza dimenticare la strada maestra per cui ci siamo candidati: snidare e cacciare gli &#8220;orchi&#8221;.<\/p>\n<p>La dichiarazione di dissesto \u00e8 stata la prima pietra miliare per riconoscere responsabilit\u00e0 politiche ed amministrative ma \u00e8 solo il punto di partenza per cambiare il sistema.<\/p>\n<p>Tanto ancora va fatto. <\/p>\n<p>Non sar\u00e0 breve, non sar\u00e0 facile, ma neppure ci spaventa. <\/p>\n<p>Negli ultimi giorni si sono letti comunicati stampa che denotano che la &#8220;belva&#8221; \u00e8 appena ferita e sbava alla ricerca di potere.<\/p>\n<p>La &#8220;belva va domata&#8221; una volta per tutte senza compromessi e senza &#8220;regalare&#8221; poltrone, unico cibo che la sazia.<\/p>\n<p>La &#8220;belva&#8221; se vuole salvarsi deve scendere sul campo designato alle ultime elezioni dagli elettori: De Luca Sindaco del Centro Destra.<\/p>\n<p>In caso contrario dovr\u00e0 guardare la partita dagli spalti in attesa di tempi, che si spera, non tornino pi\u00f9 per il bene della nostra citt\u00e0.<\/p>\n<p>Ovvero dovr\u00e0 assumersi le sue responsabilit\u00e0 e abbandonare la tribuna portando Potenza alle elezioni.<\/p>\n<p>Avr\u00e0 il coraggio? Il legame alle poltrone fa pensare che rimarr\u00e0 in tribuna, pur di non perdere lo scranno.<br \/>Noi non abbandoneremo il presidio.<\/p>\n<p>Fratelli d&#8217;Italia \u00e8 con gli &#8220;ultimi&#8221; e vuole ripartire da loro per far uscire Potenza dalla palude.<\/p>\n<p>Il &#8220;sistema Basilicata&#8221; si \u00e8 dimostrato, di recente, ancora compatto nel tutelare gli interessi di pochi a discapito di tutti e vorrebbe continuare a farlo.<\/p>\n<p>Noi non ci stiamo.<br \/>Noi amiamo la nostra indipendenza.<br \/>Noi non siamo politici di professione.<br \/>Noi non abbiamo amici da &#8220;sfamare&#8221;.<br \/>Noi non amiamo i compromessi o le mezze misure.<br \/>Noi abbiamo un&#8217;unica missione: liberare la citt\u00e0 e darle alternanza democratica.<\/p>\n<p>Lasciamo indietro tutto ci\u00f2 che non ci occorre. &#8220;Viaggeremo leggeri, andiamo a caccia di orchi&#8221;.<\/p>\n","protected":false},"excerpt":{"rendered":"<p>\u00c8 necessario continuare a denunciare il marcio che ancora si annida nel &#8220;sottobosco&#8221; della politica potentina e ci\u00f2 ci impone una seria riflessione prima di &#8230; <\/p>\n","protected":false},"author":1,"featured_media":0,"comment_status":"closed","ping_status":"closed","sticky":false,"template":"single-sidebar.php","format":"standard","meta":{"footnotes":""},"categories":[384],"tags":[],"class_list":["post-12880","post","type-post","status-publish","format-standard","hentry","category-c243-comunicati-stampa-dei-consiglieri-243"],"_links":{"self":[{"href":"https:\/\/archivio.comune.potenza.it\/index.php?rest_route=\/wp\/v2\/posts\/12880"}],"collection":[{"href":"https:\/\/archivio.comune.potenza.it\/index.php?rest_route=\/wp\/v2\/posts"}],"about":[{"href":"https:\/\/archivio.comune.potenza.it\/index.php?rest_route=\/wp\/v2\/types\/post"}],"author":[{"embeddable":true,"href":"https:\/\/archivio.comune.potenza.it\/index.php?rest_route=\/wp\/v2\/users\/1"}],"replies":[{"embeddable":true,"href":"https:\/\/archivio.comune.potenza.it\/index.php?rest_route=%2Fwp%2Fv2%2Fcomments&post=12880"}],"version-history":[{"count":0,"href":"https:\/\/archivio.comune.potenza.it\/index.php?rest_route=\/wp\/v2\/posts\/12880\/revisions"}],"wp:attachment":[{"href":"https:\/\/archivio.comune.potenza.it\/index.php?rest_route=%2Fwp%2Fv2%2Fmedia&parent=12880"}],"wp:term":[{"taxonomy":"category","embeddable":true,"href":"https:\/\/archivio.comune.potenza.it\/index.php?rest_route=%2Fwp%2Fv2%2Fcategories&post=12880"},{"taxonomy":"post_tag","embeddable":true,"href":"https:\/\/archivio.comune.potenza.it\/index.php?rest_route=%2Fwp%2Fv2%2Ftags&post=12880"}],"curies":[{"name":"wp","href":"https:\/\/api.w.org\/{rel}","templated":true}]}}