{"id":12883,"date":"2015-06-13T16:51:53","date_gmt":"2015-06-13T16:51:53","guid":{"rendered":"http:\/\/archivio.comune.potenza.it\/comune_wp\/?p=12883"},"modified":"-0001-11-30T00:00:00","modified_gmt":"-0001-11-29T22:00:00","slug":"alessandro-galella-fratelli-d-italia-il-ponte-musmeci-spento-perche-non-si-trovano-5-mila-400-euro","status":"publish","type":"post","link":"https:\/\/archivio.comune.potenza.it\/?p=12883","title":{"rendered":"Alessandro Galella (Fratelli d&#8217;Italia): Il ponte Musmeci spento perch\u00e9 non si trovano 5 mila 400 euro."},"content":{"rendered":"<p style=\"text-align: justify;\"><span style=\"font-size: 12.1599998474121px; line-height: 1.3em;\">Dopo i lavori per rifare l\u2019illuminazione dell\u2019opera architettonica famosa nel mondo<\/span><span style=\"font-size: 12.1599998474121px; line-height: 1.3em;\"> abbondantemente terminati, costati alle casse regionali 200 mila euro, l\u2019ingresso principale della citt\u00e0 capoluogo \u00e8 ancora al buio semplicemente perch\u00e9 il Comune di Potenza, che ha accumulato negli anni ritardi nei pagamenti delle bollette, non pu\u00f2 avere nuovi contratti per forniture elettriche. Per qualche scellerato volere politico storico il ponte \u00e8 di propriet\u00e0 del Consorzio Industriale che, anche esso, non vive in condizioni economiche floride, di conseguenza non riesce a pagare l\u2019allaccio e la conseguente fornitura elettrica.<\/span><\/p>\n<p><span>Il dissesto arrivato a dicembre del Comune ha reso il percorso ancora pi\u00f9 complesso e difficile.<\/span><\/p>\n<p><span>Cos\u00ec questa meravigliosa opera architettonica di cui tutti siamo fieri \u00e8 diventata invece il simbolo di una mala amministrazione e del degrado in cui il Capoluogo \u00e8 stato portato e poi abbandonato.<\/span><\/p>\n<p><span>Dopo un\u2019interrogazione che ho rivolto al Sindaco De Luca in un recente Consiglio Comunale, faccio oggi appello a tutte le forze virtuose della citt\u00e0 affinch\u00e8 si possa ridare la luce che merita a quest\u2019opera cos\u00ec importante per la citt\u00e0.<\/span><\/p>\n<p><span>Se proprio il problema sono i 5.400 euro necessari al pagamento di una nuova utenza, mi faccio promotore per una raccolta privata tra le imprese della citt\u00e0.<\/span><\/p>\n<p><span>Ritengo infatti che la rinascita della citt\u00e0 abbia bisogno anche di provvedimenti simbolici e quale miglior simbolo pu\u00f2 esserci del ridare luce alla principale porta d\u2019ingresso della citt\u00e0?<\/span><\/p>\n<p><span>Sono certo che con la giusta attenzione da parte del Presidente della Regione, che cos\u00ec poco ha fatto per il capoluogo fino adesso, dei consiglieri regionali potentini e del Sindaco, con l\u2019aiuto delle tante imprese della citt\u00e0, il problema si possa finalmente risolvere, cos\u00ec da ridare all\u2019ingresso principale della citt\u00e0, una delle opere architettoniche di cui i potentini vanno pi\u00f9 fieri, la dignit\u00e0 che merita.<\/span><\/p>\n","protected":false},"excerpt":{"rendered":"<p>Dopo i lavori per rifare l\u2019illuminazione dell\u2019opera architettonica famosa nel mondo abbondantemente terminati, costati alle casse regionali 200 mila euro, l\u2019ingresso principale della citt\u00e0 capoluogo &#8230; <\/p>\n","protected":false},"author":1,"featured_media":0,"comment_status":"closed","ping_status":"closed","sticky":false,"template":"single-sidebar.php","format":"standard","meta":{"footnotes":""},"categories":[384],"tags":[],"class_list":["post-12883","post","type-post","status-publish","format-standard","hentry","category-c243-comunicati-stampa-dei-consiglieri-243"],"_links":{"self":[{"href":"https:\/\/archivio.comune.potenza.it\/index.php?rest_route=\/wp\/v2\/posts\/12883"}],"collection":[{"href":"https:\/\/archivio.comune.potenza.it\/index.php?rest_route=\/wp\/v2\/posts"}],"about":[{"href":"https:\/\/archivio.comune.potenza.it\/index.php?rest_route=\/wp\/v2\/types\/post"}],"author":[{"embeddable":true,"href":"https:\/\/archivio.comune.potenza.it\/index.php?rest_route=\/wp\/v2\/users\/1"}],"replies":[{"embeddable":true,"href":"https:\/\/archivio.comune.potenza.it\/index.php?rest_route=%2Fwp%2Fv2%2Fcomments&post=12883"}],"version-history":[{"count":0,"href":"https:\/\/archivio.comune.potenza.it\/index.php?rest_route=\/wp\/v2\/posts\/12883\/revisions"}],"wp:attachment":[{"href":"https:\/\/archivio.comune.potenza.it\/index.php?rest_route=%2Fwp%2Fv2%2Fmedia&parent=12883"}],"wp:term":[{"taxonomy":"category","embeddable":true,"href":"https:\/\/archivio.comune.potenza.it\/index.php?rest_route=%2Fwp%2Fv2%2Fcategories&post=12883"},{"taxonomy":"post_tag","embeddable":true,"href":"https:\/\/archivio.comune.potenza.it\/index.php?rest_route=%2Fwp%2Fv2%2Ftags&post=12883"}],"curies":[{"name":"wp","href":"https:\/\/api.w.org\/{rel}","templated":true}]}}