{"id":12884,"date":"2015-06-13T16:53:04","date_gmt":"2015-06-13T16:53:04","guid":{"rendered":"http:\/\/archivio.comune.potenza.it\/comune_wp\/?p=12884"},"modified":"-0001-11-30T00:00:00","modified_gmt":"-0001-11-29T22:00:00","slug":"gianpaolo-carretta-partito-democratico-piano-dimensionamento-scolastico","status":"publish","type":"post","link":"https:\/\/archivio.comune.potenza.it\/?p=12884","title":{"rendered":"Gianpaolo Carretta (Partito Democratico): Piano dimensionamento scolastico"},"content":{"rendered":"<p style=\"text-align: justify;\">E\u2019 gravissimo e paradossale che la Giunta comunale di Potenza non abbia approvato entro il mese di novembre il Piano di dimensionamento scolastico, per poi inviarlo per competenza al MIUR e alla Provincia e quest\u2019ultima alla Regione con particolare riferimento alla Citt\u00e0 di Potenza, con grave danno sociale ed economico per tutta la comunit\u00e0 potentina.<\/p>\n<p>Infatti con la deliberazione n.178 del 7\/11\/2011, la passata amministrazione aveva approvato il dimensionamento scolastico per il triennio 2012\/2015, dopo un\u2019ampia discussione con i Dirigenti scolastici, con la Consulta cittadina sulla scuola e con le rappresentanze sindacali di categoria Cgil, Cisl, Uil e Snals. Da tale ampio e serrato confronto ne era scaturita la proposta di un ulteriore accorpamento degli Istituti comprensivi, portandoli complessivamente a sette.<\/p>\n<p>A seguito di questo iter la Quarta Commissione consiliare dopo ampio ed ulteriore confronto aveva licenziato all\u2019unanimit\u00e0 la proposta di dimensionamento scolastico cittadino per le annualit\u00e0 2012\/2015. Pertanto con il citato atto deliberativo si era andata ad approvare la modifica del piano di riorganizzazione e dimensionamento della rete scolastica cittadina delle scuole dell\u2019infanzia, primarie e secondarie di primo grado, in modo razionale e coerente con una visione strategica volta a favorire il rafforzamento dei plessi scolastici delle aree rurali, in uno all\u2019elaborazione di un piano di trasporti adeguato e coerente nonch\u00e9 alla riduzione di dieci sezioni di scuola dell\u2019infanzia comunale per l\u2019anno scolastico 2011-2012, cos\u00ec come fatta propria dalla delibera del Consiglio regionale n.98 del 2 febbraio 2011, che consentiva al Comune di Potenza di conseguire un risparmio di oltre 500 mila euro annuali in termini di spesa complessiva per il personale dipendente.<\/p>\n<p>Orbene tale gravissima inadempienza da parte della Giunta comunale che si traduce nella mancanza di adozione e di invio alla Regione del Piano di dimensionamento scolastico, impedir\u00e0 il trasferimento allo Stato, cos\u00ec come era stato fatto negli anni precedenti, di altri plessi della scuola materna comunale, senza perdere alcuna sezione, con un gravo danno economico.<\/p>\n<p>Poich\u00e9 non \u00e8 stato fatto il dimensionamento che potr\u00e0 ormai andare in vigore solo dal prossimo anno scolastico, il Comune anche alla luce del blocco del concorso per la scuola materna, ed in pendenza del dissesto, sar\u00e0 costretto a chiudere cinque sezioni \u00a0di scuola materna per mancanza di organico.<\/p>\n<p>E\u2019 palese l\u2019approssimazione amministrativa e l\u2019improvvisazione istituzionale con la quale si stanno governando la Citt\u00e0, in un settore strategico come \u00e8 quello della Pubblica Istruzione con un gravissimo danno per la comunit\u00e0 potentina e per le famiglie della citt\u00e0 di Potenza, sotto il profilo sociale, occupazionale ed economico.<\/p>\n<p>D&#8217;altronde non \u00e8 un caso che ad oggi non \u00e8 ancora stata convocata la Consulta cittadina sulla Scuola e l\u2019Assessore alla Pubblica Istruzione alla luce di tali gravi inadempienze, non abbia sentito il dovere di rassegnare le proprie dimissioni.<\/p>\n","protected":false},"excerpt":{"rendered":"<p>E\u2019 gravissimo e paradossale che la Giunta comunale di Potenza non abbia approvato entro il mese di novembre il Piano di dimensionamento scolastico, per poi &#8230; <\/p>\n","protected":false},"author":1,"featured_media":0,"comment_status":"closed","ping_status":"closed","sticky":false,"template":"single-sidebar.php","format":"standard","meta":{"footnotes":""},"categories":[384],"tags":[],"class_list":["post-12884","post","type-post","status-publish","format-standard","hentry","category-c243-comunicati-stampa-dei-consiglieri-243"],"_links":{"self":[{"href":"https:\/\/archivio.comune.potenza.it\/index.php?rest_route=\/wp\/v2\/posts\/12884"}],"collection":[{"href":"https:\/\/archivio.comune.potenza.it\/index.php?rest_route=\/wp\/v2\/posts"}],"about":[{"href":"https:\/\/archivio.comune.potenza.it\/index.php?rest_route=\/wp\/v2\/types\/post"}],"author":[{"embeddable":true,"href":"https:\/\/archivio.comune.potenza.it\/index.php?rest_route=\/wp\/v2\/users\/1"}],"replies":[{"embeddable":true,"href":"https:\/\/archivio.comune.potenza.it\/index.php?rest_route=%2Fwp%2Fv2%2Fcomments&post=12884"}],"version-history":[{"count":0,"href":"https:\/\/archivio.comune.potenza.it\/index.php?rest_route=\/wp\/v2\/posts\/12884\/revisions"}],"wp:attachment":[{"href":"https:\/\/archivio.comune.potenza.it\/index.php?rest_route=%2Fwp%2Fv2%2Fmedia&parent=12884"}],"wp:term":[{"taxonomy":"category","embeddable":true,"href":"https:\/\/archivio.comune.potenza.it\/index.php?rest_route=%2Fwp%2Fv2%2Fcategories&post=12884"},{"taxonomy":"post_tag","embeddable":true,"href":"https:\/\/archivio.comune.potenza.it\/index.php?rest_route=%2Fwp%2Fv2%2Ftags&post=12884"}],"curies":[{"name":"wp","href":"https:\/\/api.w.org\/{rel}","templated":true}]}}