{"id":12886,"date":"2015-06-13T16:56:27","date_gmt":"2015-06-13T16:56:27","guid":{"rendered":"http:\/\/archivio.comune.potenza.it\/comune_wp\/?p=12886"},"modified":"-0001-11-30T00:00:00","modified_gmt":"-0001-11-29T22:00:00","slug":"antonio-vigilante-lista-civica-per-la-citta-attacchi-di-carretta-alla-giunta-comunale","status":"publish","type":"post","link":"https:\/\/archivio.comune.potenza.it\/?p=12886","title":{"rendered":"Antonio Vigilante (Lista Civica per la Citt\u00e0): Attacchi di Carretta alla Giunta Comunale"},"content":{"rendered":"<p style=\"text-align: justify;\" dir=\"ltr\">Ci ha provato, il consigliere Carretta. Ci ha provato in ogni modo, a stare lontano dalla tentazione di sparare a zero contro la giunta cittadina e l&#8217;opera del sindaco De Luca. Ma dopo qualche mese di eroica astinenza, un po&#8217; la fretta di silurare la diplomazia del suo partito (in cui evidentemente \u00e8 isolato) con le altre forze politiche della citt\u00e0, un po&#8217; la mortificazione di essere entrato in un cono d&#8217;ombra mediatico (pi\u00f9 che raccomandabile, comunque, in questa delicatissima fase politica, specie per gli oltranzisti come Carretta), il Nostro ci \u00e8 cascato ancora. Con una sbrodolatura continua, degna della pi\u00f9 raffazzonata delle arringhe, ha scritto un comunicato di fuoco contro l&#8217;assessore De Francesco, rea, a suo dire, di non aver traferito scuole materne allo Stato. Confondendo &#8220;dimensionamento&#8221; con &#8220;ridimensionamento&#8221;, affermando ipotesi fantasiose (come la cessione allo Stato di plessi scolastici completi di personale comunale) e dimostrando di aver confezionato un comunicato-Arlecchino, unendo informazioni acquisite da persone meno versate di lui in amministrazione scolastica (per esempio, riguardo il sistema del turnover degli insegnanti pensionandi), ha dimostrato ancora una volta quanto siano lontani, alcuni protagonisti della scena attuale, dalla cultura del rispetto degli interlocutori e dei cittadini. Auspichiamo, se non un pi\u00f9 puntuale studio delle questioni da parte di Carretta, almeno un maggiore esercizio di correttezza da parte delle forze giovani del consiglio. L&#8217;opposizione, specie in questa delicata fase della politica locale e non solo, si fa quando si ha qualcosa da dire.<\/p>\n","protected":false},"excerpt":{"rendered":"<p>Ci ha provato, il consigliere Carretta. Ci ha provato in ogni modo, a stare lontano dalla tentazione di sparare a zero contro la giunta cittadina &#8230; <\/p>\n","protected":false},"author":1,"featured_media":0,"comment_status":"closed","ping_status":"closed","sticky":false,"template":"single-sidebar.php","format":"standard","meta":{"footnotes":""},"categories":[384],"tags":[],"class_list":["post-12886","post","type-post","status-publish","format-standard","hentry","category-c243-comunicati-stampa-dei-consiglieri-243"],"_links":{"self":[{"href":"https:\/\/archivio.comune.potenza.it\/index.php?rest_route=\/wp\/v2\/posts\/12886"}],"collection":[{"href":"https:\/\/archivio.comune.potenza.it\/index.php?rest_route=\/wp\/v2\/posts"}],"about":[{"href":"https:\/\/archivio.comune.potenza.it\/index.php?rest_route=\/wp\/v2\/types\/post"}],"author":[{"embeddable":true,"href":"https:\/\/archivio.comune.potenza.it\/index.php?rest_route=\/wp\/v2\/users\/1"}],"replies":[{"embeddable":true,"href":"https:\/\/archivio.comune.potenza.it\/index.php?rest_route=%2Fwp%2Fv2%2Fcomments&post=12886"}],"version-history":[{"count":0,"href":"https:\/\/archivio.comune.potenza.it\/index.php?rest_route=\/wp\/v2\/posts\/12886\/revisions"}],"wp:attachment":[{"href":"https:\/\/archivio.comune.potenza.it\/index.php?rest_route=%2Fwp%2Fv2%2Fmedia&parent=12886"}],"wp:term":[{"taxonomy":"category","embeddable":true,"href":"https:\/\/archivio.comune.potenza.it\/index.php?rest_route=%2Fwp%2Fv2%2Fcategories&post=12886"},{"taxonomy":"post_tag","embeddable":true,"href":"https:\/\/archivio.comune.potenza.it\/index.php?rest_route=%2Fwp%2Fv2%2Ftags&post=12886"}],"curies":[{"name":"wp","href":"https:\/\/api.w.org\/{rel}","templated":true}]}}