{"id":12888,"date":"2015-06-13T17:00:09","date_gmt":"2015-06-13T17:00:09","guid":{"rendered":"http:\/\/archivio.comune.potenza.it\/comune_wp\/?p=12888"},"modified":"-0001-11-30T00:00:00","modified_gmt":"-0001-11-29T22:00:00","slug":"alessandro-galella-fratelli-d-italia-potenza-citta-cultura-non-puo-perdere-il-premio-basilicata","status":"publish","type":"post","link":"https:\/\/archivio.comune.potenza.it\/?p=12888","title":{"rendered":"Alessandro Galella (Fratelli d&#8217;Italia): Potenza Citt\u00e0 Cultura? Non pu\u00f2 perdere il Premio Basilicata"},"content":{"rendered":"<p style=\"text-align: justify;\"><span style=\"font-size: 12.1599998474121px; line-height: 1.3em;\">La cultura in Lucania deve difendersi da duri assalti che, in nome di una crisi economica che si abbatte ancor pi\u00f9 violenta sulla nostra piccola Regione, abbattono colpo dopo colpo tutti i presidi culturali pi\u00f9 importanti.<\/span><\/p>\n<p><span>In questo contesto stride la proclamazione di Matera a Capitale europea della Cultura 2019. Ci chiediamo come sia possibile che, in una Regione che vuol fare della cultura il punto qualificante della sua economia, pezzi importanti della sua Storia culturale vengono immolati sull\u2019altere della spending review. \u00c8 il caso dell\u2019Museo Provinciale di Potenza. \u00c8 il caso del Circolo Culturale Spaventa Filippi.<\/span><\/p>\n<p><span>Lo Spaventa Filippi, \u00e8 noto, \u00e8 uno dei pi\u00f9 antichi di Potenza, \u00e8 nato 1972 e rappresenta un presidio culturale di prim\u2019ordine, del quale la nostra Citt\u00e0 non pu\u00f2 assolutamente privarsi. <\/span><\/p>\n<p><span>Il Premio Letterario Basilicata, uno dei pi\u00f9 importanti che si svolgono nel Mezzogiorno e tra i quattro pi\u00f9 longevi in tutta Italia, \u00e8 stato creato per iniziativa di un gruppo di intellettuali lucani. Primo presidente della giuria, per molti anni, \u00e8 stato Carlo Bo. Per quasi vent&#8217;anni \u00e8 stato responsabile della sezione &#8220;letteratura spirituale e poesia religiosa&#8221; monsignor Gianfranco Ravasi, attuale presidente del Pontificio consiglio della cultura. Presidente onorario del premio Letterario Basilicata, fin dalla sua istituzione, \u00e8 stato il senatore a vita Emilio Colombo. Annovera tra i suoi vincitori grandi nomi della letteratura nazionale e lucana, tra i quali, tanto per citarne uno, il Papa Emerito Benedetto XVI. L&#8217;allora cardinale Ratzinger vinse l&#8217;edizione del 1993.<\/span><\/p>\n<p><span>Il Circolo e il Premio stanno per rimanere senza fondi e senza una casa. Senza un luogo idoneo per allocare il patrimonio librario (alcune migliaia di libri) e l\u2019archivio e per svolgere l\u2019attivit\u00e0 istituzionale che, com\u2019\u00e8 nota, si estrinseca nella organizzazione di eventi culturali di grande spessore culturale. <\/span><\/p>\n<p><span>Presso l\u2019Ufficio Economato giace inevasa dalla scorsa consiliatura una istanza del Circolo Culturale Spaventa Filippi tendente ad ottenere in comodato d\u2019uso gratuito un locale di propriet\u00e0 del Comune di Potenza non utilizzato dall\u2019Amministrazione. Nella richiesta si legge che le scarse risorse finanziarie, assottigliatesi anche a causa delle esorbitanti spese di fitto, stavano avviando il Circolo alla paralisi. <\/span><\/p>\n<p><span>\u00c8 per questo che facciamo appello al Sindaco ed agli Assessori affinch\u00e8 individuino al pi\u00f9 presto un locale dell\u2019Amministrazione da assegnare in comodato gratuito al Circolo Spaventa Filippi. Non possiamo permettere che la nostra Citt\u00e0 abbandoni un pezzo della sua storia culturale. Il dissesto economico \u00e8 stato inevitabile, quello culturale non possiamo permetterlo.<\/span><\/p>\n","protected":false},"excerpt":{"rendered":"<p>La cultura in Lucania deve difendersi da duri assalti che, in nome di una crisi economica che si abbatte ancor pi\u00f9 violenta sulla nostra piccola &#8230; <\/p>\n","protected":false},"author":1,"featured_media":0,"comment_status":"closed","ping_status":"closed","sticky":false,"template":"single-sidebar.php","format":"standard","meta":{"footnotes":""},"categories":[384],"tags":[],"class_list":["post-12888","post","type-post","status-publish","format-standard","hentry","category-c243-comunicati-stampa-dei-consiglieri-243"],"_links":{"self":[{"href":"https:\/\/archivio.comune.potenza.it\/index.php?rest_route=\/wp\/v2\/posts\/12888"}],"collection":[{"href":"https:\/\/archivio.comune.potenza.it\/index.php?rest_route=\/wp\/v2\/posts"}],"about":[{"href":"https:\/\/archivio.comune.potenza.it\/index.php?rest_route=\/wp\/v2\/types\/post"}],"author":[{"embeddable":true,"href":"https:\/\/archivio.comune.potenza.it\/index.php?rest_route=\/wp\/v2\/users\/1"}],"replies":[{"embeddable":true,"href":"https:\/\/archivio.comune.potenza.it\/index.php?rest_route=%2Fwp%2Fv2%2Fcomments&post=12888"}],"version-history":[{"count":0,"href":"https:\/\/archivio.comune.potenza.it\/index.php?rest_route=\/wp\/v2\/posts\/12888\/revisions"}],"wp:attachment":[{"href":"https:\/\/archivio.comune.potenza.it\/index.php?rest_route=%2Fwp%2Fv2%2Fmedia&parent=12888"}],"wp:term":[{"taxonomy":"category","embeddable":true,"href":"https:\/\/archivio.comune.potenza.it\/index.php?rest_route=%2Fwp%2Fv2%2Fcategories&post=12888"},{"taxonomy":"post_tag","embeddable":true,"href":"https:\/\/archivio.comune.potenza.it\/index.php?rest_route=%2Fwp%2Fv2%2Ftags&post=12888"}],"curies":[{"name":"wp","href":"https:\/\/api.w.org\/{rel}","templated":true}]}}