{"id":12889,"date":"2015-06-13T17:01:32","date_gmt":"2015-06-13T17:01:32","guid":{"rendered":"http:\/\/archivio.comune.potenza.it\/comune_wp\/?p=12889"},"modified":"-0001-11-30T00:00:00","modified_gmt":"-0001-11-29T22:00:00","slug":"giuseppe-giuzio-fratelli-d-italia-se-non-riparte-potenza-e-impossibile-pensare-che-possa-ripartire-la-basilicata","status":"publish","type":"post","link":"https:\/\/archivio.comune.potenza.it\/?p=12889","title":{"rendered":"Giuseppe Giuzio (Fratelli d&#8217;Italia): Se non riparte Potenza \u00e8 impossibile pensare che possa ripartire la Basilicata."},"content":{"rendered":"<p style=\"text-align: justify;\">Il Consiglio Comunale di Potenza si \u00e8 mosso, in questi primi sei mesi, con decisioni concrete e pi\u00f9 o meno condivise, in una direzione univoca: quella di cercare di arrivare all&#8217;eliminazione di un consolidato degrado politico, sociale e civile che ha generato, nel tempo, molteplici tipi di disagi anche nella individuazione e fruizione dei servizi di base assicurati.<\/p>\n<p>In &#8220;costanza&#8221; di dissesto tutto deve essere ridimensionato ed \u00e8, pertanto, essenziale anteporre la qualit\u00e0 alla quantit\u00e0, assicurando l&#8217;efficiente fruibilit\u00e0 dei servizi essenziali. <\/p>\n<p>\u00c8 fondamentale ripartire con idee innovative, con l&#8217;eliminazione dei tanti sprechi, la rideterminazione dei costi dei servizi essenziali, con un cambio di rotta senza compromessi che deve passare dall&#8217;indire gare pubbliche d&#8217;appalto per impegnare ogni singolo centesimo del bilancio comunale. <\/p>\n<p>Legalit\u00e0 ed efficienza sono elementi essenziali per il riequilibrio definitivo del bilancio.<\/p>\n<p>Tutto va ridotto e va raggiunta l&#8217;autosufficienza con una &#8220;politica innovatrice&#8221; che riformi in profondit\u00e0 sia la nostra societ\u00e0 sia lo stile di vita dei potentini. <\/p>\n<p>Rifiuti, trasporti, mense, devono essere rivisti in un&#8217;ottica di efficienza ed economicit\u00e0 e vanno istituzionalizzati controlli e rispetto delle regole. <\/p>\n<p>Va a pi\u00f9 presto approvato il nuovo regolamento sulla pubblicit\u00e0 e adeguati quelli della Polizia Municipale, ponendo comunque maggiore attenzione alla riscossione delle entrate. <\/p>\n<p>Il riequilibrio di bilancio deve passare sia da virtuosismi amministrativi e gestionali interni all&#8217;ente sia dal riconoscimento, da parte della regione, del ruolo di citt\u00e0 che fornisce molteplici servizi sovracomunali. <\/p>\n<p>Vanno aperti tavoli istituzionali per &#8220;categorizzare&#8221; i servizi che la citt\u00e0 capoluogo offre alla comunit\u00e0 regionale. <\/p>\n<p>Se non riparte Potenza \u00e8 impossibile pensare che possa ripartire la Basilicata.<\/p>\n","protected":false},"excerpt":{"rendered":"<p>Il Consiglio Comunale di Potenza si \u00e8 mosso, in questi primi sei mesi, con decisioni concrete e pi\u00f9 o meno condivise, in una direzione univoca: &#8230; <\/p>\n","protected":false},"author":1,"featured_media":0,"comment_status":"closed","ping_status":"closed","sticky":false,"template":"single-sidebar.php","format":"standard","meta":{"footnotes":""},"categories":[384],"tags":[],"class_list":["post-12889","post","type-post","status-publish","format-standard","hentry","category-c243-comunicati-stampa-dei-consiglieri-243"],"_links":{"self":[{"href":"https:\/\/archivio.comune.potenza.it\/index.php?rest_route=\/wp\/v2\/posts\/12889"}],"collection":[{"href":"https:\/\/archivio.comune.potenza.it\/index.php?rest_route=\/wp\/v2\/posts"}],"about":[{"href":"https:\/\/archivio.comune.potenza.it\/index.php?rest_route=\/wp\/v2\/types\/post"}],"author":[{"embeddable":true,"href":"https:\/\/archivio.comune.potenza.it\/index.php?rest_route=\/wp\/v2\/users\/1"}],"replies":[{"embeddable":true,"href":"https:\/\/archivio.comune.potenza.it\/index.php?rest_route=%2Fwp%2Fv2%2Fcomments&post=12889"}],"version-history":[{"count":0,"href":"https:\/\/archivio.comune.potenza.it\/index.php?rest_route=\/wp\/v2\/posts\/12889\/revisions"}],"wp:attachment":[{"href":"https:\/\/archivio.comune.potenza.it\/index.php?rest_route=%2Fwp%2Fv2%2Fmedia&parent=12889"}],"wp:term":[{"taxonomy":"category","embeddable":true,"href":"https:\/\/archivio.comune.potenza.it\/index.php?rest_route=%2Fwp%2Fv2%2Fcategories&post=12889"},{"taxonomy":"post_tag","embeddable":true,"href":"https:\/\/archivio.comune.potenza.it\/index.php?rest_route=%2Fwp%2Fv2%2Ftags&post=12889"}],"curies":[{"name":"wp","href":"https:\/\/api.w.org\/{rel}","templated":true}]}}