{"id":12890,"date":"2015-06-13T17:21:39","date_gmt":"2015-06-13T17:21:39","guid":{"rendered":"http:\/\/archivio.comune.potenza.it\/comune_wp\/?p=12890"},"modified":"-0001-11-30T00:00:00","modified_gmt":"-0001-11-29T22:00:00","slug":"gianpaolo-carretta-partito-democratico-chiarimenti-su-due-interrogazioni-trattate-nell-ultimo-consiglio-comunale","status":"publish","type":"post","link":"https:\/\/archivio.comune.potenza.it\/?p=12890","title":{"rendered":"Gianpaolo Carretta (Partito Democratico): Chiarimenti su due Interrogazioni trattate nell&#8217;ultimo Consiglio Comunale"},"content":{"rendered":"<p style=\"text-align: justify;\">Nel Consiglio comunale svoltosi in data odierna sono state presentate due interrogazioni in due settori strategici come quello del bilancio e quello della pubblica istruzione per chiedere all\u2019Amministrazione comunale in modo urgente lo stato di alcune procedure fondamentali per la sopravvivenza stessa del Comune e per i chiari risvolti sociali amministrativi ed economici per l\u2019intera comunit\u00e0 potentina.<\/p>\n<p>E\u2019 emerso che l\u2019Amministrazione comunale a seguito dell\u2019intervenuta dichiarazione di dissesto alla quale mai si doveva giungere per il bene della citt\u00e0, ancora non ha adottato la determina che in modo definitivo quantifichi esattamente le somme di denaro rinvenienti dalla sentenza n.883 del 2014 resa dal Consiglio di Stato e divenuta irrevocabile, relativa alle questioni degli espropri di Murate e Macchia Giocoli, al fine di definire almeno in via prudenziale il credito vantato dalla P.A. nei confronti dei privati, per attivare le relative procedure di riscossione; \u00a0e contestualmente \u00e8 emerso che non si \u00e8 chiesto idoneo parere al Ministero degli Interni, cos\u00ec come sollecitato illo tempore dalla competente UD Bilancio, al fine di definire la natura di queste entrate e per sapere in modo certo ed inequivocabile se le stesse potevano essere appostate nel bilancio previsionale come noi crediamo.<\/p>\n<p>Invece nel settore della Pubblica Istruzione, \u00e8 emerso purtroppo che ad oggi ancora non \u00e8 stata convocata la Consulta cittadina della scuola, organo interistituzionale che mette in sinergia le famiglie con i dirigenti scolastici e l\u2019Istituzione comunale, al fine di implementare un confronto indispensabile sia rispetto all\u2019offerta formativa, che alle questioni che attengono l\u2019organizzazione scolastica sotto tutti i suoi profili.<\/p>\n<p>Del pari si \u00e8 preso atto cos\u00ec come da noi evidenziato nelle scorse settimane, che con la celebrazione dell\u2019ultimo Consiglio Regionale si \u00e8 attestato incontrovertibilmente che il Comune di Potenza non ha approvato entro il mese di novembre\u00a0 il Piano di dimensionamento scolastico, che ormai potr\u00e0 andare in vigore solo dal prossimo anno, perdendo diverse sezioni di scuola materna per mancanza di organico, con grave danno sociale ed economico per tutta la comunit\u00e0 potentina.<\/p>\n<p>E\u2019 giunta l\u2019ora di cambiare decisamente passo e di uscire da una fase di immobilismo e di approssimazione amministrativa che sta nuocendo alla comunit\u00e0 potentina, inaugurando una fase nuova, che sia progettuale, programmatica con alte competenze esterne che possano rilanciare l\u2019azione del governo cittadino. \u00a0<\/p>\n","protected":false},"excerpt":{"rendered":"<p>Nel Consiglio comunale svoltosi in data odierna sono state presentate due interrogazioni in due settori strategici come quello del bilancio e quello della pubblica istruzione &#8230; <\/p>\n","protected":false},"author":1,"featured_media":0,"comment_status":"closed","ping_status":"closed","sticky":false,"template":"single-sidebar.php","format":"standard","meta":{"footnotes":""},"categories":[384],"tags":[],"class_list":["post-12890","post","type-post","status-publish","format-standard","hentry","category-c243-comunicati-stampa-dei-consiglieri-243"],"_links":{"self":[{"href":"https:\/\/archivio.comune.potenza.it\/index.php?rest_route=\/wp\/v2\/posts\/12890"}],"collection":[{"href":"https:\/\/archivio.comune.potenza.it\/index.php?rest_route=\/wp\/v2\/posts"}],"about":[{"href":"https:\/\/archivio.comune.potenza.it\/index.php?rest_route=\/wp\/v2\/types\/post"}],"author":[{"embeddable":true,"href":"https:\/\/archivio.comune.potenza.it\/index.php?rest_route=\/wp\/v2\/users\/1"}],"replies":[{"embeddable":true,"href":"https:\/\/archivio.comune.potenza.it\/index.php?rest_route=%2Fwp%2Fv2%2Fcomments&post=12890"}],"version-history":[{"count":0,"href":"https:\/\/archivio.comune.potenza.it\/index.php?rest_route=\/wp\/v2\/posts\/12890\/revisions"}],"wp:attachment":[{"href":"https:\/\/archivio.comune.potenza.it\/index.php?rest_route=%2Fwp%2Fv2%2Fmedia&parent=12890"}],"wp:term":[{"taxonomy":"category","embeddable":true,"href":"https:\/\/archivio.comune.potenza.it\/index.php?rest_route=%2Fwp%2Fv2%2Fcategories&post=12890"},{"taxonomy":"post_tag","embeddable":true,"href":"https:\/\/archivio.comune.potenza.it\/index.php?rest_route=%2Fwp%2Fv2%2Ftags&post=12890"}],"curies":[{"name":"wp","href":"https:\/\/api.w.org\/{rel}","templated":true}]}}