{"id":12896,"date":"2015-06-14T08:28:12","date_gmt":"2015-06-14T08:28:12","guid":{"rendered":"http:\/\/archivio.comune.potenza.it\/comune_wp\/?p=12896"},"modified":"2015-06-14T08:56:14","modified_gmt":"2015-06-14T08:56:14","slug":"franco-morlino-gianluca-meccariello-bianca-andretta-donato-nole-alessandra-sagarese-luigi-petrone-giampiero-iudicello-vincenzo-telesca-lucia-sileo-nicola-lovallo-giampaolo-carretta-carmen-celi-gerardo","status":"publish","type":"post","link":"https:\/\/archivio.comune.potenza.it\/?p=12896","title":{"rendered":"Consiglieri Morlino, Meccariello, Andretta, Nol\u00e8, Sagarese, Petrone, Iudicello,Telesca, Sileo, Lovallo, Carretta, Celi, Nardiello, Pergola, Potenza, Pace, Cutro, Picerno, Campagna, Falotico, Lofrano, Scarano, Summa, Pesarini su dimissioni del Sindaco"},"content":{"rendered":"<p style=\"text-align: justify;\"><span>La confusione continua a regnare sovrana al comune di Potenza e le cose non si fanno come si dovrebbe. Intanto il Partito Democratico cittadino si \u00e8 arreso al suo destino cercando di camuffarlo come atto responsabile. Ha detto no all&#8217;ennesima proposta di giunta fatta dal capitano della nave allo sbando e con molte falle da riparare, senza averne i mezzi adeguati, il sindaco Dario DeLuca; di quell&#8217;area di destra che lo ha malamente scaricato quando si \u00e8 trattato di distribuire le poltrone. La loro richiesta non poteva essere soddisfatta per il gioco delle forze politiche in consiglio. Intanto ancora una volta il PD si rende responsabile della debacle del comune di Potenza accompagnando, senza dirlo e farlo vedere apertamente, addirittura nascondendolo, la citt\u00e0 al commissariamento e quindi a nuove elezioni. Pare una guerra fra poveri \u2013 di idee e di concretezza \u2013 che giocano sulle spalle della citt\u00e0 a un gioco molto pericoloso. A ognuno va data la sua parte di responsabilt\u00e0: al Pd per aver portato prima la citt\u00e0 a questo punto di criticit\u00e0 economico sociale per le sue scelte, imposte negli anni delle precedenti amministrazioni, a una citt\u00e0 duramente provata che ora si ritrova a pagare un conto salato; al sindaco DeLuca che da cittadino professionista della citt\u00e0, anche lui componente di quella fetta di societ\u00e0 in vista, aveva fatto credere, a chi gli ha creduto, che la sua inaspettata elezione rappresentasse una sorta di congiuntura astrale positiva per risolvere i problemi di Potenza. Invece, le tre componenti, il PD, DeLuca e la sua destra, si sono manifestate come un&#8217;alchimia d&#8217;improbabile composizione che non sta facendo altro che allungare l&#8217;agonia. E in seguito a quest&#8217;analisi il Movimento 5 Stelle di Potenza esprime il suo totale dissenso rispetto a quanto sta accadendo sulla pelle dei cittadini. Facendo presente ai potentini che la scelta di votare questi partiti e i loro rappresentanti non \u00e8 la soluzione dei problemi. Probabilmente oggi ci aspetta il commissariamento e nuove elezioni nel giro di qualche mese. Mandarli tutti a casa, in particolare quella parte che viene dal passato rappresenta un dovere civico per chi tiene al bene della citt\u00e0.<\/span><\/p>\n","protected":false},"excerpt":{"rendered":"<p>La confusione continua a regnare sovrana al comune di Potenza e le cose non si fanno come si dovrebbe. Intanto il Partito Democratico cittadino si &#8230; <\/p>\n","protected":false},"author":1,"featured_media":0,"comment_status":"closed","ping_status":"closed","sticky":false,"template":"single-sidebar.php","format":"standard","meta":{"footnotes":""},"categories":[384],"tags":[],"class_list":["post-12896","post","type-post","status-publish","format-standard","hentry","category-c243-comunicati-stampa-dei-consiglieri-243"],"_links":{"self":[{"href":"https:\/\/archivio.comune.potenza.it\/index.php?rest_route=\/wp\/v2\/posts\/12896"}],"collection":[{"href":"https:\/\/archivio.comune.potenza.it\/index.php?rest_route=\/wp\/v2\/posts"}],"about":[{"href":"https:\/\/archivio.comune.potenza.it\/index.php?rest_route=\/wp\/v2\/types\/post"}],"author":[{"embeddable":true,"href":"https:\/\/archivio.comune.potenza.it\/index.php?rest_route=\/wp\/v2\/users\/1"}],"replies":[{"embeddable":true,"href":"https:\/\/archivio.comune.potenza.it\/index.php?rest_route=%2Fwp%2Fv2%2Fcomments&post=12896"}],"version-history":[{"count":0,"href":"https:\/\/archivio.comune.potenza.it\/index.php?rest_route=\/wp\/v2\/posts\/12896\/revisions"}],"wp:attachment":[{"href":"https:\/\/archivio.comune.potenza.it\/index.php?rest_route=%2Fwp%2Fv2%2Fmedia&parent=12896"}],"wp:term":[{"taxonomy":"category","embeddable":true,"href":"https:\/\/archivio.comune.potenza.it\/index.php?rest_route=%2Fwp%2Fv2%2Fcategories&post=12896"},{"taxonomy":"post_tag","embeddable":true,"href":"https:\/\/archivio.comune.potenza.it\/index.php?rest_route=%2Fwp%2Fv2%2Ftags&post=12896"}],"curies":[{"name":"wp","href":"https:\/\/api.w.org\/{rel}","templated":true}]}}