{"id":12899,"date":"2015-06-14T11:26:16","date_gmt":"2015-06-14T11:26:16","guid":{"rendered":"http:\/\/archivio.comune.potenza.it\/comune_wp\/?p=12899"},"modified":"-0001-11-30T00:00:00","modified_gmt":"-0001-11-29T22:00:00","slug":"gianpaolo-carretta-partito-democratico-guardando-al-futur","status":"publish","type":"post","link":"https:\/\/archivio.comune.potenza.it\/?p=12899","title":{"rendered":"Gianpaolo Carretta (Partito Democratico): Guardando al futur"},"content":{"rendered":"<p style=\"text-align: justify;\"><span style=\"font-size: 12.1599998474121px; line-height: 1.3em;\">Con la sottoscrizione del documento con il quale il centro sinistra si \u00e8 detto contro le nuove elezione a soli sette mesi dalla celebrazione della scorsa tornata elettorale, \u00a0ci si \u00e8 assunti la responsabilit\u00e0 politico istituzionale, essendo maggioranza assoluta, di gestire le priorit\u00e0 amministrative di Potenza che sono quella innanzitutto della definizione del suo ruolo strategico di citt\u00e0 di servizi di qualit\u00e0 all&#8217;intera comunit\u00e0 regionale e della necessaria posta economica strutturale di cui Potenza deve beneficiare quale citt\u00e0 che offre un servizio sovracomunale. Ancora \u00a0ci si \u00e8 assunti la responsabilit\u00e0 di definire alcune priorit\u00e0 amministrative come quella economico finanziaria per porre rimedio ad una dichiarazione di dissesto sbagliata, frutto di un disegno politico che pensava di azzerare tutto il disavanzo esistente attribuendo una responsabilit\u00e0 a chi ha governato tra tante difficolt\u00e0 ma garantendo sempre l&#8217;erogazione di tutti i servizi essenziali, drenando circa 100 milioni di fondi Europei e regionali con i quali gi\u00e0 in parte si \u00e8 realizzato il completamento infrastrutturale della citt\u00e0 a con la riqualificazione dei quartieri e la realizzazione dei parchi urbani e con il nodo complesso ospedaliero. Altri si realizzeranno con il nodo complesso del Gallitello, con il Piano Citt\u00e0, che consentir\u00e0 la realizzazione di 100 alloggi di edilizia popolare e con i 26 milioni di euro dei Fondi di Coesione ottenuti grazie all&#8217;intuito amministrativo del Partito Democratico e dell&#8217;Amministrazione comunale uscente e che in parte sono stati ridefiniti, sempre grazie alla stessa maggioranza consiliare, a partire da una visione strategica che riguarda il centro storico ed il suo completamento viario, con il rifacimento dei vicoli, dei marciapiedi, con la realizzazione di Piazza del Sedile e con il completamento di Palazzo d&#8217;Errico. E ancora \u00a0nella materia ambientale si sta realizzando l&#8217;idea di razionalizzazione e di implementazione qualitativa del servizio di raccolta e spazzamento dei rifiuti e del relativo abbattimento dei costi, messo in campo dal Partito democratico e dal centro sinistra, che \u00e8 partito con l&#8217;efficientizzazione del management dell&#8217;Acta Spa, con la realizzazione della sede di propriet\u00e0, con la propria stazione di trasferenza e con il progetto che candidammo in partnership con il Conai per la raccolta porta a porta. Quella del Pd e del centro sinistra \u00e8 stata ed \u00e8 una visione di citt\u00e0, con un progetto di crescita e di sviluppo che nel tempo si sta realizzando.\u00a0<\/span><\/p>\n<p class=\"s12\">Bene ha fatto De Luca, partendo da queste consapevolezze, a sposare in continuit\u00e0, questa idea di citt\u00e0 e di amministrazione e ad accettare il sostegno del Pd e del centro sinistra per il solo periodo necessario per realizzare questi obiettivi, per poi ridare la parola agli elettori. Occorre mettere in campo una azione di grande partecipazione e di grande condivisione amministrativa con la citt\u00e0 e con il consiglio comunale, non assumendo provvedimenti \u00a0in maniera estemporanea e frettolosa, ma garantendo un confronto di alto profilo istituzionale come abbiamo chiesto sin dal primo momento. Bisogna altres\u00ec marginalizzare le forze estremiste e reazionarie presenti in Consiglio comunale e far prevalere uno spirito moderato e riformista per il bene della citt\u00e0, facendo leva sui principi di eticit\u00e0 e di competenza e non su quelli di attaccamento alla pura gestione del potere, che pure riscontriamo in alcuni esponenti della compagine assessorile che, nonostante abbiamo fallito la loro Mission, non se ne assumono la responsabilit\u00e0 di fronte alla citt\u00e0.Questi s\u00ec sono i presupposti per aprire una fase nuova, mettendo in campo una idea di citt\u00e0 e di sviluppo socio economico, con politiche riformiste e innovative, guardando alla tutela dei posti di lavoro, alla nuova occupazione e non tardandosi in sterili polemiche di posizionamento partitico, che hanno stancato la citt\u00e0, che vuole una politica del fare, coerente e partecipata.<\/p>\n","protected":false},"excerpt":{"rendered":"<p>Con la sottoscrizione del documento con il quale il centro sinistra si \u00e8 detto contro le nuove elezione a soli sette mesi dalla celebrazione della &#8230; <\/p>\n","protected":false},"author":1,"featured_media":0,"comment_status":"closed","ping_status":"closed","sticky":false,"template":"single-sidebar.php","format":"standard","meta":{"footnotes":""},"categories":[384],"tags":[],"class_list":["post-12899","post","type-post","status-publish","format-standard","hentry","category-c243-comunicati-stampa-dei-consiglieri-243"],"_links":{"self":[{"href":"https:\/\/archivio.comune.potenza.it\/index.php?rest_route=\/wp\/v2\/posts\/12899"}],"collection":[{"href":"https:\/\/archivio.comune.potenza.it\/index.php?rest_route=\/wp\/v2\/posts"}],"about":[{"href":"https:\/\/archivio.comune.potenza.it\/index.php?rest_route=\/wp\/v2\/types\/post"}],"author":[{"embeddable":true,"href":"https:\/\/archivio.comune.potenza.it\/index.php?rest_route=\/wp\/v2\/users\/1"}],"replies":[{"embeddable":true,"href":"https:\/\/archivio.comune.potenza.it\/index.php?rest_route=%2Fwp%2Fv2%2Fcomments&post=12899"}],"version-history":[{"count":0,"href":"https:\/\/archivio.comune.potenza.it\/index.php?rest_route=\/wp\/v2\/posts\/12899\/revisions"}],"wp:attachment":[{"href":"https:\/\/archivio.comune.potenza.it\/index.php?rest_route=%2Fwp%2Fv2%2Fmedia&parent=12899"}],"wp:term":[{"taxonomy":"category","embeddable":true,"href":"https:\/\/archivio.comune.potenza.it\/index.php?rest_route=%2Fwp%2Fv2%2Fcategories&post=12899"},{"taxonomy":"post_tag","embeddable":true,"href":"https:\/\/archivio.comune.potenza.it\/index.php?rest_route=%2Fwp%2Fv2%2Ftags&post=12899"}],"curies":[{"name":"wp","href":"https:\/\/api.w.org\/{rel}","templated":true}]}}