{"id":12901,"date":"2015-06-14T11:31:31","date_gmt":"2015-06-14T11:31:31","guid":{"rendered":"http:\/\/archivio.comune.potenza.it\/comune_wp\/?p=12901"},"modified":"-0001-11-30T00:00:00","modified_gmt":"-0001-11-29T22:00:00","slug":"mario-guarente-liberiamo-la-citta-dichiarazioni-diffuse-a-mezzo-stampa","status":"publish","type":"post","link":"https:\/\/archivio.comune.potenza.it\/?p=12901","title":{"rendered":"Mario Guarente (Liberiamo la Citt\u00e0): Dichiarazioni diffuse a mezzo stampa"},"content":{"rendered":"<p style=\"text-align: justify;\">&#8221; Ritengo un clamoroso errore strategico trasformare quella che doveva essere una semplice &#8221; riunione tra amici &#8221; ( cos\u00ec almeno \u00e8 stata descritta dal padrone di casa ) in un appuntamento finalizzato a decidere chi deve far parte di un centro destra &#8221; unito &#8221; e chi no. E ritengo ancor pi\u00f9 grave scoprire che al termine della riunione siano stati conferiti &#8211; senza rendere partecipe chi ha dovuto abbandonare la stessa 10 minuti prima della fine &#8211; incarichi di portavoce e creati organigrammi da cui prendo immediatamente le distanze. <br \/>Apprendo inoltre dalla stampa di un fantomatico impegno politico che tutti i convenuti avrebbero assunto al fine di sostenere &#8221; senza se e senza ma &#8221; il Sindaco e la sua attuale Giunta. <br \/>Nulla di tutto questo \u00e8 emerso dalla riunione di ieri nel corso della quale il sottoscritto ha palesato, anzi, tutti i limiti di una coalizione che prova a ricompattarsi prevedendo, sin dall&#8217;inizio, l&#8217;esclusione di un gruppo politico ( quello dei Popolari per l&#8217;Italia ) che rappresenta una realt\u00e0 importante per il conseguimento di obiettivi politici e amministrativi.<br \/>E allora credo sia utile evitare sterili e banali fughe in avanti e ritengo pi\u00f9 opportuno sedersi con calma a ragionare attorno a idee e progetti senza cui nessun matrimonio politico \u00e9 possibile. Lo stesso vale per il Sindaco e per la Giunta a cui fino ad ora il sottoscritto non ha fatto mai mancare il sostegno necessario anche a porre in essere scelte impopolari, pur non essendo mai stato chiamato a condividere visioni di citt\u00e0 e strategie politiche. Mi riservo, pertanto, di aspettare la relazione programmatica del primo cittadino per valutare, solo ed esclusivamente dopo aver ascoltato le linee di indirizzo politico\/amministrativo e la visione strategica di citt\u00e0, la possibilit\u00e0 di garantire un sostegno incondizionato oppure se limitarmi a valutare,come tante altre forze politiche hanno sino ad ora fatto, provvedimento per provvedimento. <br \/>\u00c8 importante, oggi pi\u00f9 che mai, che il centro destra della citt\u00e0 abbandoni la politica della mera denuncia per accompagnare la stessa, che pure \u00e8 necessaria per non dimenticare le responsabilit\u00e0 di chi ci ha condotto in questo stato di dissesto finanziario, con proposte e concrete azioni politiche atte a risollevare le sorti di un Capoluogo che per troppo tempo \u00e8 stato oggetto di soli scontri politici &#8220;.\u00a0<\/p>\n","protected":false},"excerpt":{"rendered":"<p>&#8221; Ritengo un clamoroso errore strategico trasformare quella che doveva essere una semplice &#8221; riunione tra amici &#8221; ( cos\u00ec almeno \u00e8 stata descritta dal &#8230; <\/p>\n","protected":false},"author":1,"featured_media":0,"comment_status":"closed","ping_status":"closed","sticky":false,"template":"single-sidebar.php","format":"standard","meta":{"footnotes":""},"categories":[384],"tags":[],"class_list":["post-12901","post","type-post","status-publish","format-standard","hentry","category-c243-comunicati-stampa-dei-consiglieri-243"],"_links":{"self":[{"href":"https:\/\/archivio.comune.potenza.it\/index.php?rest_route=\/wp\/v2\/posts\/12901"}],"collection":[{"href":"https:\/\/archivio.comune.potenza.it\/index.php?rest_route=\/wp\/v2\/posts"}],"about":[{"href":"https:\/\/archivio.comune.potenza.it\/index.php?rest_route=\/wp\/v2\/types\/post"}],"author":[{"embeddable":true,"href":"https:\/\/archivio.comune.potenza.it\/index.php?rest_route=\/wp\/v2\/users\/1"}],"replies":[{"embeddable":true,"href":"https:\/\/archivio.comune.potenza.it\/index.php?rest_route=%2Fwp%2Fv2%2Fcomments&post=12901"}],"version-history":[{"count":0,"href":"https:\/\/archivio.comune.potenza.it\/index.php?rest_route=\/wp\/v2\/posts\/12901\/revisions"}],"wp:attachment":[{"href":"https:\/\/archivio.comune.potenza.it\/index.php?rest_route=%2Fwp%2Fv2%2Fmedia&parent=12901"}],"wp:term":[{"taxonomy":"category","embeddable":true,"href":"https:\/\/archivio.comune.potenza.it\/index.php?rest_route=%2Fwp%2Fv2%2Fcategories&post=12901"},{"taxonomy":"post_tag","embeddable":true,"href":"https:\/\/archivio.comune.potenza.it\/index.php?rest_route=%2Fwp%2Fv2%2Ftags&post=12901"}],"curies":[{"name":"wp","href":"https:\/\/api.w.org\/{rel}","templated":true}]}}