{"id":12903,"date":"2015-06-14T11:34:50","date_gmt":"2015-06-14T11:34:50","guid":{"rendered":"http:\/\/archivio.comune.potenza.it\/comune_wp\/?p=12903"},"modified":"-0001-11-30T00:00:00","modified_gmt":"-0001-11-29T22:00:00","slug":"franco-morlino-popolari-per-l-italia-centrodestra-a-potenza","status":"publish","type":"post","link":"https:\/\/archivio.comune.potenza.it\/?p=12903","title":{"rendered":"Franco Morlino (Popolari per l&#8217;Italia): Centrodestra a Potenza"},"content":{"rendered":"<p style=\"text-align: justify;\">\u201cE\u2019 evidente che la riunione tenutasi ieri tra alcuni amici di centro destra null\u2019altro \u00e8 stata che una sana chiacchierata tra persone che si stimano\u201d. Cos\u00ec ha dichiarato il capogruppo dei Popolari per l\u2019Italia\u00a0 in Consiglio Comunale a Potenza Franco Morlino, il quale ha inoltre ribadito che \u201cle riunioni politiche sono altra cosa. Piuttosto mi meraviglia il fatto che si sia proceduto poi ad un comunicato stampa, fatto da una sola componente, che a nome di tutti gli amici intervenuti abbia preso impegni e delegato persone a\u00a0 funzioni di rappresentanza in nome e per conto di tutto il centro destra nei confronti dell\u2019amministrazione della citt\u00e0 di Potenza. Impegni politici di tale genere non possono scaturire dalla decisione di pochi intimi, i quali si autoproclamano rappresentanti di una intera coalizione, il cui perimetro \u00e8, per\u00f2, certamente pi\u00f9 esteso. Che la riunione tenutasi ieri non sia stata un incontro politico \u00e8 dimostrato dal fatto che immediatamente dopo l\u2019originario comunicato sono arrivate repentine le smentite di tutti i soggetti politici chiamati in causa\u201d. Sulla stessa lunghezza d\u2019onda la posizione del Segretario Provinciale dei Popolari per l\u2019Italia Michelangelo Volpe, il quale ha chiarito,\u00a0 \u201cil fatto che all\u2019incontro di ieri la nostra componente non sia stata invitata \u00e8 il sintomo che di certo non si \u00e8 trattato di una riunione politica del centro destra. Non credo sia necessario ricordare come i Popolari per l\u2019Italia siano stati sin da subito protagonisti nell\u2019elezione del Sindaco Dario De Luca, individuandolo come proprio candidato dal primo momento. Questo rappresenta inoltre una mancanza di rispetto verso quell\u2019elettorato Popolare che ha sostenuto i candidati e con essi il Sindaco De Luca\u201d. Siamo sempre stati e rimaniamo dalla parte della citt\u00e0 e dei cittadini. Per questo lavoreremo, con Dario De Luca, all\u2019azione virtuosa di risanamento.<\/p>\n","protected":false},"excerpt":{"rendered":"<p>\u201cE\u2019 evidente che la riunione tenutasi ieri tra alcuni amici di centro destra null\u2019altro \u00e8 stata che una sana chiacchierata tra persone che si stimano\u201d. &#8230; <\/p>\n","protected":false},"author":1,"featured_media":0,"comment_status":"closed","ping_status":"closed","sticky":false,"template":"single-sidebar.php","format":"standard","meta":{"footnotes":""},"categories":[384],"tags":[],"class_list":["post-12903","post","type-post","status-publish","format-standard","hentry","category-c243-comunicati-stampa-dei-consiglieri-243"],"_links":{"self":[{"href":"https:\/\/archivio.comune.potenza.it\/index.php?rest_route=\/wp\/v2\/posts\/12903"}],"collection":[{"href":"https:\/\/archivio.comune.potenza.it\/index.php?rest_route=\/wp\/v2\/posts"}],"about":[{"href":"https:\/\/archivio.comune.potenza.it\/index.php?rest_route=\/wp\/v2\/types\/post"}],"author":[{"embeddable":true,"href":"https:\/\/archivio.comune.potenza.it\/index.php?rest_route=\/wp\/v2\/users\/1"}],"replies":[{"embeddable":true,"href":"https:\/\/archivio.comune.potenza.it\/index.php?rest_route=%2Fwp%2Fv2%2Fcomments&post=12903"}],"version-history":[{"count":0,"href":"https:\/\/archivio.comune.potenza.it\/index.php?rest_route=\/wp\/v2\/posts\/12903\/revisions"}],"wp:attachment":[{"href":"https:\/\/archivio.comune.potenza.it\/index.php?rest_route=%2Fwp%2Fv2%2Fmedia&parent=12903"}],"wp:term":[{"taxonomy":"category","embeddable":true,"href":"https:\/\/archivio.comune.potenza.it\/index.php?rest_route=%2Fwp%2Fv2%2Fcategories&post=12903"},{"taxonomy":"post_tag","embeddable":true,"href":"https:\/\/archivio.comune.potenza.it\/index.php?rest_route=%2Fwp%2Fv2%2Ftags&post=12903"}],"curies":[{"name":"wp","href":"https:\/\/api.w.org\/{rel}","templated":true}]}}