{"id":12909,"date":"2015-06-14T13:52:33","date_gmt":"2015-06-14T13:52:33","guid":{"rendered":"http:\/\/archivio.comune.potenza.it\/comune_wp\/?p=12909"},"modified":"-0001-11-30T00:00:00","modified_gmt":"-0001-11-29T22:00:00","slug":"vincenzo-lofrano-potenza-condivisa-potenza-citta-capoluogo","status":"publish","type":"post","link":"https:\/\/archivio.comune.potenza.it\/?p=12909","title":{"rendered":"Vincenzo Lofrano (Potenza Condivisa): Potenza citt\u00e0 capoluogo"},"content":{"rendered":"<p style=\"text-align: justify;\">\u201cSulla stampa locale qualche giorno fa \u00e8 comparso il titolo \u2018Il ponte metafora della citt\u00e0\u2019, una frase che ritengo debba essere uno spunto di riflessione per tutti, amministratori e cittadini\u201d, dichiara il consigliere comunale Vincenzo Lofrano. \u201cIl ponte cui si fa riferimento \u00e8 il Ponte attrezzato, che consente alla nostra citt\u00e0 di detenere il record del sistema di scale mobili pi\u00f9 lungo d\u2019Europa, purtroppo attualmente, speriamo momentaneamente, chiuso perch\u00e9 mancano i soldi per pagare la ditta che si occupa della manutenzione. \u2018Quell\u2019enorme serpente giace l\u00ec al buio\u2019 continua l\u2019articolo \u2018metafora perfetta della situazione in cui vive il capoluogo, rassegnato all\u2019incertezza e in attesa di capire quale sar\u00e0 il suo destino\u2019. \u201cChe la nostra comunit\u00e0 viva un momento estremamente difficile \u00e8 sotto gli occhi di tutti: difficile da un punto di vista politico, economico e sociale. Politicamente l\u2019anatra zoppa, nonostante gli sforzi di tanti, non \u00e8 stata superata con la conseguenza di avere poca chiarezza di ruoli e compiti. Se tuttavia discutiamo oggi delle condizioni della nostra citt\u00e0 e di prospettive future \u00e8 perch\u00e9 la politica, nonostante le difficolt\u00e0, non ha gettato la spugna. Un gruppo di consiglieri ha chiesto al sindaco di ritirare le sue dimissioni offrendo sostegno in cambio di condivisione. Un gruppo, detto dei 24 ma nella sostanza composto dall\u2019intero Consiglio comunale, pur con qualche distinguo, sta procedendo con Sindaco e Giunta a votare provvedimenti di razionalizzazione dei servizi, imposti dal dissesto, impopolari e in qualche modo devastanti su un tessuto sociale gi\u00e0 di per s\u00e9 fragile, nella misura in cui mettono in discussione posti di lavoro e la sopravvivenza di famiglie. Questi effetti sarebbero per\u00f2 ancora pi\u00f9 negativi in caso di commissariamento dell\u2019Ente, se il 29 aprile non venisse presentato un bilancio in pareggio. Si sente parlare di collettivit\u00e0 rassegnata, addirittura di citt\u00e0 destinata a morire \u2013 prosegue il consigliere Lofrano \u2013 ma dobbiamo chiederci se pu\u00f2 morire una citt\u00e0 le cui origini sono antichissime, le cui genti nel corso del tempo hanno fieramente lottato contro uomini e forze della natura. Basti ricordare i terremoti devastanti del 1273, del 1857, del 1980, quest\u2019ultimo un disastro che abbiamo vissuto. Una citt\u00e0 che, in epoca normanna, ha ricevuto papi e imperatori. Una citt\u00e0 decorata con medaglia d\u2019oro, la dodicesima tra 27, come benemerita del risorgimento nazionale, per essere stata la prima citt\u00e0 del Meridione, il 18 agosto 1860, a ribellarsi contro i Borboni. Pu\u00f2 essere utile ricordare &#8211; dice Lofrano &#8211; il testo della motivazione della medaglia d\u2019oro al merito civile, di cui \u00e8 stata insignita la comunit\u00e0: \u2018In occasione di un disastroso terremoto, con grande dignit\u00e0, spirito di sacrificio e impegno civile, affrontava la difficile opera di ricostruzione del proprio tessuto abitativo, nonch\u00e9 della rinascita del proprio futuro sociale, economico e produttivo. Mirabile esempio di valore civico e altissimo esempio di abnegazione, 23 novembre 1980\u2019. Cosa dire inoltre della coscienza civica della nostra collettivit\u00e0, che a un mese dall\u2019inizio del servizio sul consenso per la donazione di organi al momento della richiesta della carta d\u2019identit\u00e0, ha visto un\u2019adesione alla donazione presso il Comune di Potenza del 90%, dato pubblicato dall\u2019Istituto superiore di sanit\u00e0 lo scorso 31 marzo. Un esempio di altruismo e una forte risposta ai cittadini in attesa di trapianto, che ci fanno ricordare una volta di pi\u00f9 che la comunit\u00e0 di Potenza \u00e8 viva e risponde prontamente sui valori della solidariet\u00e0 e della coesione sociale. Seppure viviamo un momento difficile \u2013 conclude il consigliere Lofrano \u2013 possiamo superare le attuali difficolt\u00e0 se lavoriamo tutti insieme, cittadini e istituzioni, se come amministratori democraticamente eletti andiamo avanti nell\u2019opera non facile di razionalizzazione, salvaguardando il sociale, chiedendo e spiegando ai cittadini che gli attuali sacrifici servono per un futuro migliore, non rinunciando mai all\u2019opera preziosa della mediazione che solo la politica e nessun commissario pu\u00f2 mettere in atto. Sempre consapevoli che tale percorso virtuoso non pu\u00f2 essere disgiunto dal riconoscimento da parte dell\u2019Ente Regione del ruolo di Potenza capoluogo, insieme al ristoro economico, tramite legge regionale, stabile e duraturo per i servizi sovra-comunali che Potenza offre ogni giorno a circa 30.000 o pi\u00f9 persone che frequentano la nostra citt\u00e0 per motivi di salute, di lavoro, di studio o per disbrigo di pratiche burocratiche. Chiediamo tale riconoscimento prontamente viste le scadenze dietro l\u2019angolo, fiduciosi di poter contare sulla sensibilit\u00e0 e disponibilit\u00e0 del presidente della Giunta regionale e dell\u2019intero Consiglio di via Anzio\u201d.<\/p>\n","protected":false},"excerpt":{"rendered":"<p>\u201cSulla stampa locale qualche giorno fa \u00e8 comparso il titolo \u2018Il ponte metafora della citt\u00e0\u2019, una frase che ritengo debba essere uno spunto di riflessione &#8230; <\/p>\n","protected":false},"author":1,"featured_media":0,"comment_status":"closed","ping_status":"closed","sticky":false,"template":"single-sidebar.php","format":"standard","meta":{"footnotes":""},"categories":[384],"tags":[],"class_list":["post-12909","post","type-post","status-publish","format-standard","hentry","category-c243-comunicati-stampa-dei-consiglieri-243"],"_links":{"self":[{"href":"https:\/\/archivio.comune.potenza.it\/index.php?rest_route=\/wp\/v2\/posts\/12909"}],"collection":[{"href":"https:\/\/archivio.comune.potenza.it\/index.php?rest_route=\/wp\/v2\/posts"}],"about":[{"href":"https:\/\/archivio.comune.potenza.it\/index.php?rest_route=\/wp\/v2\/types\/post"}],"author":[{"embeddable":true,"href":"https:\/\/archivio.comune.potenza.it\/index.php?rest_route=\/wp\/v2\/users\/1"}],"replies":[{"embeddable":true,"href":"https:\/\/archivio.comune.potenza.it\/index.php?rest_route=%2Fwp%2Fv2%2Fcomments&post=12909"}],"version-history":[{"count":0,"href":"https:\/\/archivio.comune.potenza.it\/index.php?rest_route=\/wp\/v2\/posts\/12909\/revisions"}],"wp:attachment":[{"href":"https:\/\/archivio.comune.potenza.it\/index.php?rest_route=%2Fwp%2Fv2%2Fmedia&parent=12909"}],"wp:term":[{"taxonomy":"category","embeddable":true,"href":"https:\/\/archivio.comune.potenza.it\/index.php?rest_route=%2Fwp%2Fv2%2Fcategories&post=12909"},{"taxonomy":"post_tag","embeddable":true,"href":"https:\/\/archivio.comune.potenza.it\/index.php?rest_route=%2Fwp%2Fv2%2Ftags&post=12909"}],"curies":[{"name":"wp","href":"https:\/\/api.w.org\/{rel}","templated":true}]}}