{"id":12914,"date":"2015-06-14T14:01:09","date_gmt":"2015-06-14T14:01:09","guid":{"rendered":"http:\/\/archivio.comune.potenza.it\/comune_wp\/?p=12914"},"modified":"-0001-11-30T00:00:00","modified_gmt":"-0001-11-29T22:00:00","slug":"sergio-potenza-popolari-uniti-e-gianluca-meccariello-insieme-si-cambia-collegamento-pedonale-tra-universita-e-via-cavour","status":"publish","type":"post","link":"https:\/\/archivio.comune.potenza.it\/?p=12914","title":{"rendered":"Sergio Potenza (Popolari Uniti) e Gianluca Meccariello (Insieme si cambia): Collegamento pedonale tra Universit\u00e0 e via Cavour"},"content":{"rendered":"<p style=\"text-align: justify;\"><span style=\"font-size: 12.1599998474121px; line-height: 1.3em;\">\u201cCon l\u2019approvazione del progetto preliminare di collegamento tra l\u2019Universit\u00e0 e via Cavour si completa il lavoro avviato in III^ commissione consiliare permanente durante il quale l\u2019intervento ha rischiato di non vedere la luce\u201d\u00a0 Cos\u00ec i due capigruppo in Consiglio comunale, Sergio Potenza dei Popolari uniti e Gianluca Meccariello di Insieme si cambia.<\/span><\/p>\n<p>\u201cDurante la fase di riprogrammazione dei fondi comunitari a disposizione del capoluogo &#8211; continuano Potenza e Meccariello &#8211; l\u2019importo a disposizione per detto collegamento pedonale era stato distratto su altro intervento e solo l\u2019impegno dei consiglieri ne ha consentito il recupero in termini di spesa\u201d.<\/p>\n<p>\u00a0\u201cLa mancanza di un collegamento sicuro tra la sede universitaria di Macchia\u00a0 Romana e via Caserma Lucana\u2013\u00a0 aggiungono Potenza e Meccariello \u2013 \u00a0fu gi\u00e0 oggetto di un\u2019interrogazione nella scorsa consiliatura. Con la realizzazione del nuovo percorso pedonale saranno risolti i problemi pi\u00f9 volte esposti dagli studenti\u201d<\/p>\n<p>\u00a0\u201cInsomma &#8211; proseguono Potenza e Meccariello &#8211; un ulteriore passo \u00e8 stato fatto per integrare l\u2019universit\u00e0 al territorio cittadino e migliorare la qualit\u00e0 della vita degli studenti \u201d.<\/p>\n<p>\u201cAdesso \u2013 affermano i due capigruppo \u2013 bisogner\u00e0 pensare ai servizi extradidattici e ai \u00a0contenitori urbani da destinare a luoghi della socialit\u00e0 e del tempo libero. Senza, per\u00f2, dimenticare le necessarie politiche abitative\u201d.<\/p>\n<p>\u201cIn definitiva \u2013 concludono Potenza e Meccariello \u2013 dovremo lavorare perch\u00e9 il polo universitario lucano torni a giocare un ruolo di primo piano nel panorama regionale. Solo cos\u00ec eviteremo la fuga di cervelli e il nostro ateneo sar\u00e0 vero punto di riferimento\u201d.<\/p>\n<p>\u00a0<\/p>\n","protected":false},"excerpt":{"rendered":"<p>\u201cCon l\u2019approvazione del progetto preliminare di collegamento tra l\u2019Universit\u00e0 e via Cavour si completa il lavoro avviato in III^ commissione consiliare permanente durante il quale &#8230; <\/p>\n","protected":false},"author":1,"featured_media":0,"comment_status":"closed","ping_status":"closed","sticky":false,"template":"single-sidebar.php","format":"standard","meta":{"footnotes":""},"categories":[384],"tags":[],"class_list":["post-12914","post","type-post","status-publish","format-standard","hentry","category-c243-comunicati-stampa-dei-consiglieri-243"],"_links":{"self":[{"href":"https:\/\/archivio.comune.potenza.it\/index.php?rest_route=\/wp\/v2\/posts\/12914"}],"collection":[{"href":"https:\/\/archivio.comune.potenza.it\/index.php?rest_route=\/wp\/v2\/posts"}],"about":[{"href":"https:\/\/archivio.comune.potenza.it\/index.php?rest_route=\/wp\/v2\/types\/post"}],"author":[{"embeddable":true,"href":"https:\/\/archivio.comune.potenza.it\/index.php?rest_route=\/wp\/v2\/users\/1"}],"replies":[{"embeddable":true,"href":"https:\/\/archivio.comune.potenza.it\/index.php?rest_route=%2Fwp%2Fv2%2Fcomments&post=12914"}],"version-history":[{"count":0,"href":"https:\/\/archivio.comune.potenza.it\/index.php?rest_route=\/wp\/v2\/posts\/12914\/revisions"}],"wp:attachment":[{"href":"https:\/\/archivio.comune.potenza.it\/index.php?rest_route=%2Fwp%2Fv2%2Fmedia&parent=12914"}],"wp:term":[{"taxonomy":"category","embeddable":true,"href":"https:\/\/archivio.comune.potenza.it\/index.php?rest_route=%2Fwp%2Fv2%2Fcategories&post=12914"},{"taxonomy":"post_tag","embeddable":true,"href":"https:\/\/archivio.comune.potenza.it\/index.php?rest_route=%2Fwp%2Fv2%2Ftags&post=12914"}],"curies":[{"name":"wp","href":"https:\/\/api.w.org\/{rel}","templated":true}]}}