{"id":12915,"date":"2015-06-14T14:02:33","date_gmt":"2015-06-14T14:02:33","guid":{"rendered":"http:\/\/archivio.comune.potenza.it\/comune_wp\/?p=12915"},"modified":"-0001-11-30T00:00:00","modified_gmt":"-0001-11-29T22:00:00","slug":"giampiero-iudicello-partito-democratico-precisazioni-su-comunicati-assessori-percoco-bellettieri-e-salvi","status":"publish","type":"post","link":"https:\/\/archivio.comune.potenza.it\/?p=12915","title":{"rendered":"Giampiero Iudicello (Partito Democratico): Precisazioni su comunicati assessori Percoco, Bellettieri e Salvi"},"content":{"rendered":"<p style=\"text-align: justify;\"><span style=\"font-size: 12.1599998474121px; line-height: 1.3em;\">\u201cIn seguito al comunicato dell&#8217;assessore Percoco, relativo al collegamento Universit\u00e0 &#8211; Via Cavour e a quello congiunto\u00a0 degli assessori Bellettieri e Salvia sull&#8217;intervento di miglioramento dell&#8217;accesso al Polo sportivo di Lavangone, \u00e8 doveroso fare alcune precisazioni\u201d. Cos\u00ec sostiene il capogruppo del Partito Democratico in Consiglio comunale, Giampiero Iudicello. \u201cContinuiamo ad assistere ad esternazioni pubbliche in cui ci si appropria delle idee programmatiche e del relativo reperimento dei fondi, opera della passata amministrazione. E&#8217; bene sottolineare\u201d continua Iudicello \u201cche solo il lodevole lavoro svolto dai componenti della III^ Commissione consiliare ha fatto s\u00ec che questi specifici interventi fossero confermati pur se ridimensionati negli importi.\u201d \u201cGli attuali componenti della Giunta dovrebbero tenere a mente che, a seguito della revoca delle dimissioni del Sindaco De Luca, conseguente al documento sottoscritto da soli 24 consiglieri, il loro ruolo \u00e8 quello di fiduciari pro tempore del Sindaco senza alcuna delega politica e quindi a loro rivolgo l&#8217;invito\u201d \u2013 conclude Iudicello \u2013 \u201ca lasciar perdere proclami e rivendicazioni di carattere politico e a concentrarsi sull&#8217;attivit\u00e0 amministrativa di cui la Citt\u00e0 ha pi\u00f9 che mai bisogno\u201d.<\/span><\/p>\n<p>\u00a0<\/p>\n","protected":false},"excerpt":{"rendered":"<p>\u201cIn seguito al comunicato dell&#8217;assessore Percoco, relativo al collegamento Universit\u00e0 &#8211; Via Cavour e a quello congiunto\u00a0 degli assessori Bellettieri e Salvia sull&#8217;intervento di miglioramento &#8230; <\/p>\n","protected":false},"author":1,"featured_media":0,"comment_status":"closed","ping_status":"closed","sticky":false,"template":"single-sidebar.php","format":"standard","meta":{"footnotes":""},"categories":[384],"tags":[],"class_list":["post-12915","post","type-post","status-publish","format-standard","hentry","category-c243-comunicati-stampa-dei-consiglieri-243"],"_links":{"self":[{"href":"https:\/\/archivio.comune.potenza.it\/index.php?rest_route=\/wp\/v2\/posts\/12915"}],"collection":[{"href":"https:\/\/archivio.comune.potenza.it\/index.php?rest_route=\/wp\/v2\/posts"}],"about":[{"href":"https:\/\/archivio.comune.potenza.it\/index.php?rest_route=\/wp\/v2\/types\/post"}],"author":[{"embeddable":true,"href":"https:\/\/archivio.comune.potenza.it\/index.php?rest_route=\/wp\/v2\/users\/1"}],"replies":[{"embeddable":true,"href":"https:\/\/archivio.comune.potenza.it\/index.php?rest_route=%2Fwp%2Fv2%2Fcomments&post=12915"}],"version-history":[{"count":0,"href":"https:\/\/archivio.comune.potenza.it\/index.php?rest_route=\/wp\/v2\/posts\/12915\/revisions"}],"wp:attachment":[{"href":"https:\/\/archivio.comune.potenza.it\/index.php?rest_route=%2Fwp%2Fv2%2Fmedia&parent=12915"}],"wp:term":[{"taxonomy":"category","embeddable":true,"href":"https:\/\/archivio.comune.potenza.it\/index.php?rest_route=%2Fwp%2Fv2%2Fcategories&post=12915"},{"taxonomy":"post_tag","embeddable":true,"href":"https:\/\/archivio.comune.potenza.it\/index.php?rest_route=%2Fwp%2Fv2%2Ftags&post=12915"}],"curies":[{"name":"wp","href":"https:\/\/api.w.org\/{rel}","templated":true}]}}