{"id":12916,"date":"2015-06-14T14:03:42","date_gmt":"2015-06-14T14:03:42","guid":{"rendered":"http:\/\/archivio.comune.potenza.it\/comune_wp\/?p=12916"},"modified":"-0001-11-30T00:00:00","modified_gmt":"-0001-11-29T22:00:00","slug":"lucia-sileo-partito-democratico-nomina-comitato-tecnico-scientifico-storica-parata-dei-turchi","status":"publish","type":"post","link":"https:\/\/archivio.comune.potenza.it\/?p=12916","title":{"rendered":"Lucia Sileo (Partito Democratico): Nomina Comitato tecnico scientifico Storica Parata dei Turchi"},"content":{"rendered":"<p style=\"text-align: justify;\"><span style=\"font-size: 12.1599998474121px; line-height: 1.3em;\">\u201cApprendiamo attraverso un comunicato della nomina del comitato tecnico scientifico della Storica Parata dei Turchi. Non esprimiamo nessun giudizio sulle persone scelte, tutte rispettabili, ma contestiamo il metodo nella scelta.\u201d E\u2019 quanto afferma in una nota il consigliere comunale del Pd, Lucia Sileo che \u00e8 anche presidente della Quarta commissione permanente. \u201cNon c\u2019\u00e8 stata\u00a0 &#8211; aggiunge- nessuna condivisione n\u00e9 sui nomi n\u00e9 sul criterio che ha ispirato le stesse nomine ed \u00e8 stata completamente scavalcata la Commissione cultura da me presieduta, che avrebbe dovuto esprimersi, come pure sono stati scavalcati, a quanto ci risulta, tutti i gruppi politici. Si sta approcciando alla Parata dei Turchi in maniera confusa, con protagonismi molto poco istituzionali e senza rispetto per la nostra storia e per una manifestazione che appartiene alla nostra storia. In questo contesto\u00a0 &#8211; continua Sileo &#8211; \u00e8 difficile affrontare le grandi questioni all\u2019attenzione della nostra Amministrazione e vengono meno anche le motivazioni che ci avevano portato a condividere un documento che avrebbe dovuto rappresentare l\u2019avvio di una fase di concertazione e reale condivisione degli atti amministrativi che si pongono in essere. Appare evidente \u2013 conclude- quando qualche collega parla di\u00a0 \u201callegre brigate\u201d,\u00a0 che il riferimento \u00e8 a quelle che proprio oggi ci preoccupano nell\u2019Amministrazione comunale di Potenza.\u201d<\/span><\/p>\n<p>\u00a0<\/p>\n<p>\u00a0<\/p>\n","protected":false},"excerpt":{"rendered":"<p>\u201cApprendiamo attraverso un comunicato della nomina del comitato tecnico scientifico della Storica Parata dei Turchi. Non esprimiamo nessun giudizio sulle persone scelte, tutte rispettabili, ma &#8230; <\/p>\n","protected":false},"author":1,"featured_media":0,"comment_status":"closed","ping_status":"closed","sticky":false,"template":"single-sidebar.php","format":"standard","meta":{"footnotes":""},"categories":[384],"tags":[],"class_list":["post-12916","post","type-post","status-publish","format-standard","hentry","category-c243-comunicati-stampa-dei-consiglieri-243"],"_links":{"self":[{"href":"https:\/\/archivio.comune.potenza.it\/index.php?rest_route=\/wp\/v2\/posts\/12916"}],"collection":[{"href":"https:\/\/archivio.comune.potenza.it\/index.php?rest_route=\/wp\/v2\/posts"}],"about":[{"href":"https:\/\/archivio.comune.potenza.it\/index.php?rest_route=\/wp\/v2\/types\/post"}],"author":[{"embeddable":true,"href":"https:\/\/archivio.comune.potenza.it\/index.php?rest_route=\/wp\/v2\/users\/1"}],"replies":[{"embeddable":true,"href":"https:\/\/archivio.comune.potenza.it\/index.php?rest_route=%2Fwp%2Fv2%2Fcomments&post=12916"}],"version-history":[{"count":0,"href":"https:\/\/archivio.comune.potenza.it\/index.php?rest_route=\/wp\/v2\/posts\/12916\/revisions"}],"wp:attachment":[{"href":"https:\/\/archivio.comune.potenza.it\/index.php?rest_route=%2Fwp%2Fv2%2Fmedia&parent=12916"}],"wp:term":[{"taxonomy":"category","embeddable":true,"href":"https:\/\/archivio.comune.potenza.it\/index.php?rest_route=%2Fwp%2Fv2%2Fcategories&post=12916"},{"taxonomy":"post_tag","embeddable":true,"href":"https:\/\/archivio.comune.potenza.it\/index.php?rest_route=%2Fwp%2Fv2%2Ftags&post=12916"}],"curies":[{"name":"wp","href":"https:\/\/api.w.org\/{rel}","templated":true}]}}