{"id":12919,"date":"2015-06-14T14:13:34","date_gmt":"2015-06-14T14:13:34","guid":{"rendered":"http:\/\/archivio.comune.potenza.it\/comune_wp\/?p=12919"},"modified":"-0001-11-30T00:00:00","modified_gmt":"-0001-11-29T22:00:00","slug":"sergio-potenza-popolari-uniti-lettera-aperta-al-sindaco-dario-de-luca","status":"publish","type":"post","link":"https:\/\/archivio.comune.potenza.it\/?p=12919","title":{"rendered":"Sergio Potenza (Popolari Uniti): Lettera aperta al Sindaco Dario De Luca"},"content":{"rendered":"<p style=\"text-align: justify;\"><span style=\"font-size: 12.1599998474121px; line-height: 1.3em;\">\u201cEgregio Sig. Sindaco,<\/span><\/p>\n<p style=\"text-align: justify;\">ho sentito il dovere di scriverLe questa pubblica lettera, perch\u00e9 credo sia giunto il momento di fare chiarezza. Credevo, anzi credevamo, che con la sottoscrizione degli impegni per la citt\u00e0, da parte di 24 su 32 dei\u00a0 consiglieri comunali, si fosse avviata una nuova fase per Potenza. Quindi, con il mantenimento dell\u2019attuale giunta comunale, assolutamente non politica, ci fosse la possibilit\u00e0 di lavorare, avendo un esecutivo con il ruolo di mera interfaccia tecnico-operativa. Invece, ahim\u00e8, qualcuno ha creduto, anzi crede di poter sciabordare in un \u201cequivoco\u201d politico nato nel solo interesse del capoluogo. E qui, poi, necessita un inciso. Non si potr\u00e0 trascurare l\u2019operato di qualche consigliere fuori dai 24 sottoscrittori che, attribuendosi il doppio ruolo di maggioranza e opposizione, a seconda delle necessit\u00e0 e\/o convenienze del caso, immagina di poter trasformare la politica cittadina in un\u2019arena. In questo momento occorre scrivere una nuova pagina della storia potentina, mettendoci del proprio. La storia la si studia per non commettere gli errori del passato e non per fare processi inutili fuori dalle sedi deputate. Ritengo, in ogni caso, che la dialettica politica sia il sale della democrazia, semprech\u00e9 fondata su\u00a0 idee e proposte. Solo allora potr\u00e0 essere foriera della migliori soluzioni. Ebbene, tornando al tema, in tutti i mesi trascorsi dall\u2019inizio della consiliatura, seppure con qualche imperfezione, comunque il centrosinistra ha dato prova di grande responsabilit\u00e0. Tutti e 24 i consiglieri, vecchi e nuovi, hanno cercato di dare un contributo per portare il capoluogo fuori dal guado. Qui, invece, sulla scorta dell\u2019\u201dequivoco\u201d, qualcuno si attesta in via esclusiva dei risultati amministrativi, che sono stati raggiunti grazie ai 24 responsabili. Ora, per\u00f2, credo sia doveroso avviare una nuova fase. L\u2019imminente scadenza del bilancio di previsione e pluriennale comporter\u00e0 una nuova assunzione di responsabilit\u00e0 e questa non potr\u00e0 avvenire senza un quadro politico chiaro. Nessuno Le chiede un cambio di casacca, ma dovr\u00e0 prendere atto che i 24 sono una maggioranza che lavora con Lei, per assicurare ai cittadini una serenit\u00e0 amministrativa e un futuro pi\u00f9 roseo. Quanto al contributo regionale, nell\u2019ipotesi in cui non\u00a0 sar\u00e0 concesso i potentini avranno la maturit\u00e0 per capire a chi attribuire le dovute responsabilit\u00e0. Il capoluogo lo si deve difendere sig. Sindaco, facendo chiarezza politica nell\u2019interesse dei 67 mila residenti e non assecondando chi sta consumando un vero \u201cdelitto\u201d sociale per interessi di partito e\/o\u00a0 personali e di carriera politica. Ora \u00e8 giunto il momento di dire basta! Non c\u2019\u00e8 pi\u00f9 tempo! Sindaco, faccia il bene dei potentini, lasciando da parte gli schemi politici e le assurde contrapposizioni. Confido nel suo acume. Con riverenza istituzionale, la saluto e le auguro buon lavoro\u201d.<\/p>\n","protected":false},"excerpt":{"rendered":"<p>\u201cEgregio Sig. Sindaco, ho sentito il dovere di scriverLe questa pubblica lettera, perch\u00e9 credo sia giunto il momento di fare chiarezza. Credevo, anzi credevamo, che &#8230; <\/p>\n","protected":false},"author":1,"featured_media":0,"comment_status":"closed","ping_status":"closed","sticky":false,"template":"single-sidebar.php","format":"standard","meta":{"footnotes":""},"categories":[384],"tags":[],"class_list":["post-12919","post","type-post","status-publish","format-standard","hentry","category-c243-comunicati-stampa-dei-consiglieri-243"],"_links":{"self":[{"href":"https:\/\/archivio.comune.potenza.it\/index.php?rest_route=\/wp\/v2\/posts\/12919"}],"collection":[{"href":"https:\/\/archivio.comune.potenza.it\/index.php?rest_route=\/wp\/v2\/posts"}],"about":[{"href":"https:\/\/archivio.comune.potenza.it\/index.php?rest_route=\/wp\/v2\/types\/post"}],"author":[{"embeddable":true,"href":"https:\/\/archivio.comune.potenza.it\/index.php?rest_route=\/wp\/v2\/users\/1"}],"replies":[{"embeddable":true,"href":"https:\/\/archivio.comune.potenza.it\/index.php?rest_route=%2Fwp%2Fv2%2Fcomments&post=12919"}],"version-history":[{"count":0,"href":"https:\/\/archivio.comune.potenza.it\/index.php?rest_route=\/wp\/v2\/posts\/12919\/revisions"}],"wp:attachment":[{"href":"https:\/\/archivio.comune.potenza.it\/index.php?rest_route=%2Fwp%2Fv2%2Fmedia&parent=12919"}],"wp:term":[{"taxonomy":"category","embeddable":true,"href":"https:\/\/archivio.comune.potenza.it\/index.php?rest_route=%2Fwp%2Fv2%2Fcategories&post=12919"},{"taxonomy":"post_tag","embeddable":true,"href":"https:\/\/archivio.comune.potenza.it\/index.php?rest_route=%2Fwp%2Fv2%2Ftags&post=12919"}],"curies":[{"name":"wp","href":"https:\/\/api.w.org\/{rel}","templated":true}]}}