{"id":12920,"date":"2015-06-14T14:16:16","date_gmt":"2015-06-14T14:16:16","guid":{"rendered":"http:\/\/archivio.comune.potenza.it\/comune_wp\/?p=12920"},"modified":"-0001-11-30T00:00:00","modified_gmt":"-0001-11-29T22:00:00","slug":"giuseppe-giuzio-fratelli-d-italia-potenza-il-documento-dei-24-e-l-inceppamento-della-macchina-amministrativa","status":"publish","type":"post","link":"https:\/\/archivio.comune.potenza.it\/?p=12920","title":{"rendered":"Giuseppe Giuzio (Fratelli d&#8217;Italia): Potenza: il documento dei 24 e l&#8217;inceppamento della macchina amministrativa"},"content":{"rendered":"<p style=\"text-align: justify;\">\u201cA prescindere dalla valenza e dalle interpretazioni che si vogliano dare al cosiddetto \u00a0\u201cdocumento dei 24\u201d una cosa \u00e8 certa: lo stesso \u2013 a oggi \u2013 ha creato un ulteriore stallo alla macchina amministrativa comunale (gi\u00e0 inceppata di per s\u00e9 per la situazione debitoria nota a tutti) ed \u00e8 divenuto oggetto di non poche \u00a0discussioni tra chi lo ha condiviso per non andare al voto e chi, pur non condividendolo, lo ha sottoscritto solo per obbligo di appartenenza al complesso mondo del centro sinistra. Fino alla firma di quel documento \u2013 prosegue in una sua nota il consigliere comunale di Fratelli d\u2019Italia, Giuseppe Giuzio \u2013 Dario De Luca e la sua giunta, seppur tra mille difficolt\u00e0, erano riusciti a fare passi in avanti verso l&#8217;agognata discontinuit\u00e0 con il passato. Dalla sottoscrizione del richiamato documento ad oggi tra riunioni, richieste di consulte tutelati e bagarre interne tutto sembra essersi rallentato. I provvedimenti rimangono bloccati in commissione, tutte presiedute da consiglieri del centro sinistra, senza trovare soluzioni (vedasi ad esempio situazioni parcheggi): in un baleno si \u00e8 spenta la tanto sperata innovazione che la citt\u00e0 aspettava. Si fanno congetture e teoremi su come salvare Potenza, si chiedono consigli comunali straordinari (per far fare passerella a qualcuno) e incontri con la Regione ma in realt\u00e0 tutto annaspa senza soluzioni. Torna la \u2018palla\u2019 in mano al \u2018sistema\u2019 e inizia la solita solfa. Potenza \u00e8 in un torpore economico, sociale e culturale e qualcuno ancora cerca di mettersi in vetrina non capendo che \u00e8 tempo di &#8220;fare fatti&#8221;. \u00c8 fondamentale pensare alle famiglie che da mesi non prendono stipendi, studiare come salvare posti di lavoro e non certo chiedere di guidare la macchina amministrativa dopo aver &#8211; con politiche scellerate &#8211; portato Potenza al dissesto. Fratelli d&#8217;Italia da tempo si \u00e8 tirato fuori da questi giochini di potete per stare concretamente con i cittadini oggi pi\u00f9 in difficolt\u00e0. Dopo l&#8217;incontro avuto dai cosiddetti 24 del centro sinistra con Pittella e con l&#8217;annullamento del Consiglio comunale di Potenza (gi\u00e0 convocato per sabato 11 aprile, poi rinviato al 24), avente a oggetto le problematiche della citt\u00e0 capoluogo si \u00e8 dimostrata la mancanza di autonomia dei consiglieri del centrosinistra troppo legati a vecchie logiche di partito che tanto male hanno fatto alla nostra citt\u00e0. Continueremo, senza buttare la spugna, come fatto fino a oggi, valutando provvedimento per provvedimento senza pregiudizi e con un unico obiettivo portare Potenza fuori dalle secche\u201d conclude Giuzio.<\/p>\n","protected":false},"excerpt":{"rendered":"<p>\u201cA prescindere dalla valenza e dalle interpretazioni che si vogliano dare al cosiddetto \u00a0\u201cdocumento dei 24\u201d una cosa \u00e8 certa: lo stesso \u2013 a oggi &#8230; <\/p>\n","protected":false},"author":1,"featured_media":0,"comment_status":"closed","ping_status":"closed","sticky":false,"template":"single-sidebar.php","format":"standard","meta":{"footnotes":""},"categories":[384],"tags":[],"class_list":["post-12920","post","type-post","status-publish","format-standard","hentry","category-c243-comunicati-stampa-dei-consiglieri-243"],"_links":{"self":[{"href":"https:\/\/archivio.comune.potenza.it\/index.php?rest_route=\/wp\/v2\/posts\/12920"}],"collection":[{"href":"https:\/\/archivio.comune.potenza.it\/index.php?rest_route=\/wp\/v2\/posts"}],"about":[{"href":"https:\/\/archivio.comune.potenza.it\/index.php?rest_route=\/wp\/v2\/types\/post"}],"author":[{"embeddable":true,"href":"https:\/\/archivio.comune.potenza.it\/index.php?rest_route=\/wp\/v2\/users\/1"}],"replies":[{"embeddable":true,"href":"https:\/\/archivio.comune.potenza.it\/index.php?rest_route=%2Fwp%2Fv2%2Fcomments&post=12920"}],"version-history":[{"count":0,"href":"https:\/\/archivio.comune.potenza.it\/index.php?rest_route=\/wp\/v2\/posts\/12920\/revisions"}],"wp:attachment":[{"href":"https:\/\/archivio.comune.potenza.it\/index.php?rest_route=%2Fwp%2Fv2%2Fmedia&parent=12920"}],"wp:term":[{"taxonomy":"category","embeddable":true,"href":"https:\/\/archivio.comune.potenza.it\/index.php?rest_route=%2Fwp%2Fv2%2Fcategories&post=12920"},{"taxonomy":"post_tag","embeddable":true,"href":"https:\/\/archivio.comune.potenza.it\/index.php?rest_route=%2Fwp%2Fv2%2Ftags&post=12920"}],"curies":[{"name":"wp","href":"https:\/\/api.w.org\/{rel}","templated":true}]}}